{"id":73553,"date":"2024-10-17T20:33:20","date_gmt":"2024-10-18T02:33:20","guid":{"rendered":"https:\/\/zonaroja.com.mx\/?p=73553"},"modified":"2024-10-17T20:33:22","modified_gmt":"2024-10-18T02:33:22","slug":"crimen-organizado-estaria-detras-de-la-desaparicion-de-sandra-dominguez","status":"publish","type":"post","link":"https:\/\/zonaroja.com.mx\/?p=73553","title":{"rendered":"Crimen organizado estar\u00eda detr\u00e1s de la desaparici\u00f3n de Sandra Dom\u00ednguez"},"content":{"rendered":"\n<p>Ismael Garc\u00eda M.\/Zona Roja.<\/p>\n\n\n\n<p>Oaxaca de Ju\u00e1rez, Oax., a 17 de octubre de 2024.- El crimen organizado podr\u00eda estar detr\u00e1s de la desaparici\u00f3n de Sandra Est\u00e9fana Dom\u00ednguez y Alexander Hern\u00e1ndez, quienes fueron vistos por \u00faltima vez en Mar\u00eda Lombardo de Caso, San Juan Cotzoc\u00f3n Mixe.<\/p>\n\n\n\n<p>\u201cHay informaci\u00f3n en las l\u00edneas de investigaci\u00f3n por parte de la Fiscal\u00eda, que donde ocurrieron los hechos de la desaparici\u00f3n de ambas personas, pudiera estar relacionado con actividades de la delincuencia organizada con las cuales el esposo de Sandra ten\u00eda relaci\u00f3n. La Fiscal\u00eda tiene los elementos necesarios para demostrar tal situaci\u00f3n\u201d.<\/p>\n\n\n\n<p>Lo anterior lo declar\u00f3 este jueves el titular de la Secretar\u00eda de Gobierno (Sego), Jes\u00fas Romero L\u00f3pez, durante la conferencia de prensa del gabinete de seguridad, en que dio pormenores de las acciones de gobierno respecto a los operativos de b\u00fasqueda de la pareja.<\/p>\n\n\n\n<p>Afirm\u00f3 que no se escatiman recursos para las acciones, entre ellas las labores de inteligencia telef\u00f3nica, entrevistas, recolecci\u00f3n de videos, peritajes y la b\u00fasqueda en domicilios de la zona donde fueron vistas por \u00faltima vez, una tarea que continuar\u00e1 hasta encontrar a ambas personas.<\/p>\n\n\n\n<p>Precis\u00f3 que hay una pol\u00edtica de acompa\u00f1amiento a los familiares y v\u00edctimas indirectas, a quienes se han mantenido informadas de manera puntual sobre todas las actividades de b\u00fasqueda y localizaci\u00f3n realizadas.<\/p>\n\n\n\n<p>De la misma manera, inform\u00f3 que con respecto al coordinador de delegados de Paz del gobierno, Donato Vargas, present\u00f3 ayer una declaraci\u00f3n ante la Fiscal\u00eda General del Estado de Oaxaca, mientras que el caso por el chat de WhatsApp con contenido sexual, fue reabierta la investigaci\u00f3n.<\/p>\n\n\n\n<p>Destac\u00f3 que en estas labores existe un trabajo coordinado por parte de autoridades como la Fiscal\u00eda General del Estado de Oaxaca (FGEO), la Comisi\u00f3n Estatal de B\u00fasqueda de Personas Desaparecidas para el Estado de Oaxaca (CEBPEO), la Comisi\u00f3n Ejecutiva Estatal de Atenci\u00f3n Integral a V\u00edctimas, la Secretar\u00eda de la Defensa Nacional (Sedena), la Guardia Nacional, la Fiscal\u00eda de Veracruz y la Fuerza Civil de Veracruz.<\/p>\n\n\n\n<p>El responsable de la pol\u00edtica interna en la entidad abund\u00f3 que todas las l\u00edneas de investigaci\u00f3n est\u00e1n abiertas, incluida aquella que tiene que ver con la labor de Sandra como activista de Derechos Humanos.<\/p>\n\n\n\n<figure class=\"wp-block-embed is-type-rich is-provider-twitter wp-block-embed-twitter\"><div class=\"wp-block-embed__wrapper\">\n<div class=\"twitter-tweet\"><blockquote class=\"twitter-tweet\" data-lang=\"es\"><p lang=\"es\" dir=\"ltr\"><a href=\"https:\/\/twitter.com\/hashtag\/%C3%9AltimoMinuto?src=hash&amp;ref_src=twsrc%5Etfw\">#\u00daltimoMinuto<\/a><br>\u201cHay informaci\u00f3n en las l\u00edneas de investigaci\u00f3n por parte de la <a href=\"https:\/\/twitter.com\/FISCALIA_GobOax?ref_src=twsrc%5Etfw\">@FISCALIA_GobOax<\/a>, que donde ocurrieron los hechos de la desaparici\u00f3n de ambas personas, pudiera estar relacionado con actividades de la delincuencia organizada con las cuales el esposo de Sandra ten\u00eda\u2026 <a href=\"https:\/\/t.co\/FTouFWbKNX\">pic.twitter.com\/FTouFWbKNX<\/a><\/p>&mdash; Zona Roja Oaxaca (@ZonaRoja_Oaxaca) <a href=\"https:\/\/twitter.com\/ZonaRoja_Oaxaca\/status\/1846974054030627154?ref_src=twsrc%5Etfw\">17 de octubre de 2024<\/a><\/blockquote><\/div>\n<\/div><\/figure>\n\n\n\n<p>Romero L\u00f3pez indic\u00f3 que las tareas de b\u00fasqueda se efect\u00faan en Mar\u00eda Lombardo, en Tuxtepec, Playa Vicente, Veracruz, ademas de Valles Centrales de Oaxaca, donde se tenga una m\u00ednima sospecha donde puedan estar.<\/p>\n\n\n\n<p>\u201cClarificamos que se ha dado acompa\u00f1amiento a los familiares y v\u00edctimas indirectas; se le ha brindado comunicaci\u00f3n e informaci\u00f3n de manera permanente y puntual de todas las actividades\u201d, indic\u00f3.<\/p>\n\n\n\n<p>Adelant\u00f3 igualmente que en breve la familia ser\u00e1 recibida por el gobernador Salom\u00f3n Jara Cruz, tal como lo ha pedido la familia.<\/p>\n\n\n\n<p>\u201cInformar que la familia y los asesores de la familia han sido recibidos por el fiscal General del Estado, por la comisionada Estatal de B\u00fasqueda, as\u00ed como por el titular de la Comisi\u00f3n Estatal de B\u00fasqueda\u201d.<\/p>\n\n\n\n<p>INTERVIENE LA CNDH<\/p>\n\n\n\n<p>Por su parte, esta ma\u00f1ana la Comisi\u00f3n Nacional de Derechos Humanos (CNDH) emiti\u00f3 un comunicado, en que confirm\u00f3 que recibi\u00f3 una petici\u00f3n de la asociaci\u00f3n civil Consorcio Oaxaca para pedir su intervenci\u00f3n.<br>\u201cComo parte del compromiso firme con la b\u00fasqueda y el esclarecimiento de los hechos, la CNDH ha iniciado gestiones directas y ha hecho ya la solicitud de informaci\u00f3n a diversas autoridades, y se continuar\u00e1 con las acciones necesarias, de acuerdo con nuestras atribuciones, para coadyuvar en la localizaci\u00f3n con vida de ambas personas.&nbsp;<\/p>\n\n\n\n<p>\u201cEsta labor ha sido formalizada mediante un acuerdo emitido por la presidenta de esta CNDH, ordenando la radicaci\u00f3n de oficio de la investigaci\u00f3n, reconociendo la trascendencia del caso.<br>\u201cLa CNDH reafirma su disposici\u00f3n para gestionar de manera urgente la colaboraci\u00f3n de todas las autoridades que puedan contar con informaci\u00f3n relevante, con el objetivo de dar resultados oportunos en la b\u00fasqueda de Sandra Est\u00e9fana Dom\u00ednguez Mart\u00ednez y Alexander Hern\u00e1ndez Hern\u00e1ndez.<br>\u201cEste caso es de alta prioridad para la CNDH, debido a su impacto en el combate a la violencia de g\u00e9nero y en la defensa de los derechos humanos en Oaxaca. En los \u00faltimos tres a\u00f1os, esta es la tercera desaparici\u00f3n de una activista en la regi\u00f3n, lo que subraya la gravedad de la situaci\u00f3n y la urgencia de acciones inmediatas y coordinadas\u201d, detall\u00f3.<\/p>\n","protected":false},"excerpt":{"rendered":"<p>Ismael Garc\u00eda M.\/Zona Roja. Oaxaca de Ju\u00e1rez, Oax., a 17 de octubre de 2024.- El&hellip;<\/p>\n","protected":false},"author":2,"featured_media":73554,"comment_status":"closed","ping_status":"open","sticky":false,"template":"","format":"standard","meta":{"_lmt_disableupdate":"","_lmt_disable":"","_jetpack_memberships_contains_paid_content":false,"footnotes":""},"categories":[109,47],"tags":[4086],"class_list":["post-73553","post","type-post","status-publish","format-standard","has-post-thumbnail","hentry","category-minuto-a-minuto","category-zona-gris","tag-sandra-dominguez"],"jetpack_featured_media_url":"https:\/\/zonaroja.com.mx\/wp-content\/uploads\/2024\/10\/Marcha-Sandra-Dominguez-1.jpg","jetpack_sharing_enabled":true,"_links":{"self":[{"href":"https:\/\/zonaroja.com.mx\/index.php?rest_route=\/wp\/v2\/posts\/73553","targetHints":{"allow":["GET"]}}],"collection":[{"href":"https:\/\/zonaroja.com.mx\/index.php?rest_route=\/wp\/v2\/posts"}],"about":[{"href":"https:\/\/zonaroja.com.mx\/index.php?rest_route=\/wp\/v2\/types\/post"}],"author":[{"embeddable":true,"href":"https:\/\/zonaroja.com.mx\/index.php?rest_route=\/wp\/v2\/users\/2"}],"replies":[{"embeddable":true,"href":"https:\/\/zonaroja.com.mx\/index.php?rest_route=%2Fwp%2Fv2%2Fcomments&post=73553"}],"version-history":[{"count":1,"href":"https:\/\/zonaroja.com.mx\/index.php?rest_route=\/wp\/v2\/posts\/73553\/revisions"}],"predecessor-version":[{"id":73555,"href":"https:\/\/zonaroja.com.mx\/index.php?rest_route=\/wp\/v2\/posts\/73553\/revisions\/73555"}],"wp:featuredmedia":[{"embeddable":true,"href":"https:\/\/zonaroja.com.mx\/index.php?rest_route=\/wp\/v2\/media\/73554"}],"wp:attachment":[{"href":"https:\/\/zonaroja.com.mx\/index.php?rest_route=%2Fwp%2Fv2%2Fmedia&parent=73553"}],"wp:term":[{"taxonomy":"category","embeddable":true,"href":"https:\/\/zonaroja.com.mx\/index.php?rest_route=%2Fwp%2Fv2%2Fcategories&post=73553"},{"taxonomy":"post_tag","embeddable":true,"href":"https:\/\/zonaroja.com.mx\/index.php?rest_route=%2Fwp%2Fv2%2Ftags&post=73553"}],"curies":[{"name":"wp","href":"https:\/\/api.w.org\/{rel}","templated":true}]}}