{"id":73556,"date":"2024-10-17T22:05:04","date_gmt":"2024-10-18T04:05:04","guid":{"rendered":"https:\/\/zonaroja.com.mx\/?p=73556"},"modified":"2024-10-17T22:05:06","modified_gmt":"2024-10-18T04:05:06","slug":"vinculan-a-proceso-a-dos-probables-homicidas-de-santa-lucia-del-camino","status":"publish","type":"post","link":"https:\/\/zonaroja.com.mx\/?p=73556","title":{"rendered":"Vinculan a proceso a dos probables homicidas de Santa Luc\u00eda del Camino"},"content":{"rendered":"\n<p>Redacci\u00f3n\/Zona Roja.&nbsp;<\/p>\n\n\n\n<p>Oaxaca de Ju\u00e1rez, Oax., a 17 de octubre de 2024.- La Fiscal\u00eda General del Estado de Oaxaca (FGEO) obtuvo auto de vinculaci\u00f3n a proceso contra dos personas del sexo masculino identificadas como M.A.S.L. y S.J.B.H., por el delito de Homicidio Calificado en agravio de un hombre que en vida respondi\u00f3 al nombre de L.A.R.S.J., hechos cometidos en Santa Luc\u00eda del Camino.<\/p>\n\n\n\n<p>De acuerdo con lo asentado en el expediente penal, los hechos ocurrieron el 18 de agosto de 2019, cuando la v\u00edctima caminaba por calles de la agencia municipal de Santa Mar\u00eda Ixcotel, perteneciente a Santa Luc\u00eda del Camino, cuando fue agredido por personas que se encontraban a bordo de un autom\u00f3vil, quienes atacaron con disparos de arma de fuego a la v\u00edctima, ocasion\u00e1ndole lesiones por las cuales falleci\u00f3.<\/p>\n\n\n\n<p>Tras estos hechos, la FGEO inici\u00f3 las investigaciones correspondientes, gracias a las cuales fue posible la detenci\u00f3n de M.A.S.L. y S.J.B.H., quienes fueron presentados ante el Juez que conoce la causa.<\/p>\n\n\n\n<p>Derivado de los datos de prueba aportados por la Fiscal\u00eda de Oaxaca, el Juez de Control determin\u00f3 vincular a proceso a M.A.S.L. y S.J.B.H., por el delito de homicidio calificado, adem\u00e1s de imponer la medida cautelar de prisi\u00f3n preventiva oficiosa y otorgar el plazo de dos meses para el cierre de investigaci\u00f3n complementaria.<\/p>\n\n\n\n<p>CASO TAXISTA<\/p>\n\n\n\n<p>En otro caso, la Fiscal\u00eda General obtuvo auto de vinculaci\u00f3n a proceso en contra de una persona del sexo masculino identificada como A.F.T., por el delito de Homicidio Calificado con Ventaja en agravio de una persona de ocupaci\u00f3n taxista identificado como T.R.R., cometido en los Valles Centrales.<\/p>\n\n\n\n<p>De acuerdo con lo asentado en el expediente del caso, el homicidio ocurri\u00f3 el 11 de septiembre de 2018, cuando el imputado A.F.T., junto con otras personas, interceptaron a la v\u00edctima, a quien llevaron a un paraje perteneciente a la agencia de Trinidad de Viguera, en la ciudad de Oaxaca de Ju\u00e1rez, donde lo privaron de la vida al asfixiarlo, delito que grabaron en video.<\/p>\n\n\n\n<p>La investigaci\u00f3n detalla que el video fue difundido a trav\u00e9s de diferentes plataformas de redes sociales, el cual adjudican a una banda delictiva al mando del \u201cComandante Cejas\u201d, por lo que era considerado un objetivo prioritario debido a su probable responsabilidad en la generaci\u00f3n de violencia en los Valles Centrales.<\/p>\n\n\n\n<p>Tras estos hechos, la FGEO inici\u00f3 las investigaciones correspondientes que quedaron a cargo de la Vicefiscal\u00eda Regional de los Valles Centrales, que dieron cumplimiento a un mandato judicial, realizando la detenci\u00f3n de A.F.T., quien qued\u00f3 a disposici\u00f3n de la autoridad ministerial.<\/p>\n\n\n\n<p>Una vez desahogadas las pruebas aportadas por la Fiscal\u00eda de Oaxaca, el Juez que atiende la causa determin\u00f3 vincular a proceso a A.F.T., por el delito de Homicidio Calificado con Premeditaci\u00f3n y Ventaja, adem\u00e1s de imponer la medida cautelar de prisi\u00f3n preventiva oficiosa, otorgando el plazo de un mes para el cierre de la investigaci\u00f3n complementaria.<\/p>\n\n\n\n<p>CONTRA DEUDOR<\/p>\n\n\n\n<p>Por otra parte, la instituci\u00f3n obtuvo un fallo condenatorio en contra de una persona del sexo masculino identificada como R.A.A.D., responsable del delito de Incumplimiento de Obligaciones Alimentarias Agravado.<\/p>\n\n\n\n<p>De acuerdo con el expediente penal del caso, R.A.A.D. incumpli\u00f3 con las obligaciones impuestas por un Juez Familiar, quien el 15 de diciembre del 2017 fij\u00f3 el pago de pensi\u00f3n alimentaria a favor de su hija menor de edad (cuya identidad est\u00e1 reservada por ley).<\/p>\n\n\n\n<p>Ante el incumplimiento de realizar el pago de la pensi\u00f3n alimentaria por parte de R.A.A.D., el Juez Familiar volvi\u00f3 a requerir al imputado en diversas fechas de 2018 el pago de la pensi\u00f3n alimentaria correspondiente, y ante la conducta omisa le notific\u00f3 que, de no ponerse al corriente con dicha obligaci\u00f3n, dar\u00eda vista al ministerio p\u00fablico.<\/p>\n\n\n\n<p>En consecuencia, se determin\u00f3 que R.A.A.D. incurri\u00f3 en el delito de incumplimiento de obligaciones alimentarias, por lo que el Juez de la causa dict\u00f3 fallo condenatorio, por el delito de Incumplimiento de Obligaciones Alimentarias Agravado.<\/p>\n\n\n\n<p>Para la Fiscal\u00eda General de Oaxaca, los trabajos de procuraci\u00f3n de justicia a favor de las ni\u00f1as, ni\u00f1os y adolescentes es una prioridad, por ello, reafirma su compromiso de realizar las labores necesarias para que este sector de la poblaci\u00f3n pueda acceder al ejercicio pleno de sus derechos humanos.<\/p>\n","protected":false},"excerpt":{"rendered":"<p>Redacci\u00f3n\/Zona Roja.&nbsp; Oaxaca de Ju\u00e1rez, Oax., a 17 de octubre de 2024.- La Fiscal\u00eda General&hellip;<\/p>\n","protected":false},"author":2,"featured_media":73557,"comment_status":"closed","ping_status":"open","sticky":false,"template":"","format":"standard","meta":{"_lmt_disableupdate":"","_lmt_disable":"","_jetpack_memberships_contains_paid_content":false,"footnotes":""},"categories":[109,46],"tags":[494],"class_list":["post-73556","post","type-post","status-publish","format-standard","has-post-thumbnail","hentry","category-minuto-a-minuto","category-zona-blanca","tag-fiscalia-general-del-estado-de-oaxaca"],"jetpack_featured_media_url":"https:\/\/zonaroja.com.mx\/wp-content\/uploads\/2024\/10\/Detenidos-caso-Ixcotel-Santa-Lucia.jpg","jetpack_sharing_enabled":true,"_links":{"self":[{"href":"https:\/\/zonaroja.com.mx\/index.php?rest_route=\/wp\/v2\/posts\/73556","targetHints":{"allow":["GET"]}}],"collection":[{"href":"https:\/\/zonaroja.com.mx\/index.php?rest_route=\/wp\/v2\/posts"}],"about":[{"href":"https:\/\/zonaroja.com.mx\/index.php?rest_route=\/wp\/v2\/types\/post"}],"author":[{"embeddable":true,"href":"https:\/\/zonaroja.com.mx\/index.php?rest_route=\/wp\/v2\/users\/2"}],"replies":[{"embeddable":true,"href":"https:\/\/zonaroja.com.mx\/index.php?rest_route=%2Fwp%2Fv2%2Fcomments&post=73556"}],"version-history":[{"count":1,"href":"https:\/\/zonaroja.com.mx\/index.php?rest_route=\/wp\/v2\/posts\/73556\/revisions"}],"predecessor-version":[{"id":73558,"href":"https:\/\/zonaroja.com.mx\/index.php?rest_route=\/wp\/v2\/posts\/73556\/revisions\/73558"}],"wp:featuredmedia":[{"embeddable":true,"href":"https:\/\/zonaroja.com.mx\/index.php?rest_route=\/wp\/v2\/media\/73557"}],"wp:attachment":[{"href":"https:\/\/zonaroja.com.mx\/index.php?rest_route=%2Fwp%2Fv2%2Fmedia&parent=73556"}],"wp:term":[{"taxonomy":"category","embeddable":true,"href":"https:\/\/zonaroja.com.mx\/index.php?rest_route=%2Fwp%2Fv2%2Fcategories&post=73556"},{"taxonomy":"post_tag","embeddable":true,"href":"https:\/\/zonaroja.com.mx\/index.php?rest_route=%2Fwp%2Fv2%2Ftags&post=73556"}],"curies":[{"name":"wp","href":"https:\/\/api.w.org\/{rel}","templated":true}]}}