{"id":73559,"date":"2024-10-18T07:15:00","date_gmt":"2024-10-18T13:15:00","guid":{"rendered":"https:\/\/zonaroja.com.mx\/?p=73559"},"modified":"2024-10-18T06:50:33","modified_gmt":"2024-10-18T12:50:33","slug":"ordena-jueza-suspender-de-manera-definitiva-reforma-al-poder-judicial","status":"publish","type":"post","link":"https:\/\/zonaroja.com.mx\/?p=73559","title":{"rendered":"Ordena jueza suspender de manera definitiva reforma al Poder Judicial"},"content":{"rendered":"\n<p>Redacci\u00f3n\/Zona Roja Cdmx.<\/p>\n\n\n\n<p>Ciudad de M\u00e9xico, a 18 de octubre de 2024.- El juzgado 19 de distrito con sede en Coatzacoalcos, Veracruz, otorg\u00f3 una suspensi\u00f3n definitiva en la que ordena a la Presidenta de la Rep\u00fablica, Claudia Sheinbaum, y al director del Diario Oficial de la Federaci\u00f3n, Alejandro L\u00f3pez Gonz\u00e1lez, a que dentro en un plazo de 24 horas, contadas a partir de que le sea notificada la resoluci\u00f3n, informen y acrediten que se ha eliminado del Diario oficial de la Federaci\u00f6n (DOF) la publicaci\u00f3n del decreto que valida la reforma judicial.&nbsp;<\/p>\n\n\n\n<p>En las resoluciones del juicio de amparo 823\/2024, se se\u00f1ala que en caso de desacato a esta decisi\u00f3n, \u201cse dar\u00e1 vista al Ministerio P\u00fablico de la Federaci\u00f3n por el delito que establece la fracci\u00f3n III del art\u00edculo 262 de la Ley de Amparo\u201d.<\/p>\n\n\n\n<p>En ese contexto, abogados se\u00f1alaron que la suspensi\u00f3n definitiva puede ser combatida mediante un recurso de revisi\u00f3n, cuya sentencia puede ser emitida por un tribunal colegiado y ello puede tomar meses.<\/p>\n\n\n\n<p>La jueza Nancy Ju\u00e1rez Salas resolvi\u00f3 que las autoridades \u201cfueron omisas en dar el debido cumplimiento a la suspensi\u00f3n provisional dictada en 12 de septiembre ya que no se abstuvieron de realizar la promulgaci\u00f3n y publicaci\u00f3n de la Declaratoria de Reforma Constitucional\u201d relacionadas con el Poder Judicial Federal, \u201ca pesar de que fueron debidamente notificadas el 13 de septiembre\u201d.<\/p>\n\n\n\n<p>Adem\u00e1s, establece en su resoluci\u00f3n dictada el martes que la Presidenta de la Rep\u00fablica y el DOF \u201cfueron omisas en rendir el informe\u201d de cumplimiento de la suspensi\u00f3n provisional.<\/p>\n\n\n\n<p>Por ello determin\u00f3 que \u201cla Presidenta de los Estados Unidos Mexicanos y el Director del DOF dentro del lapso de 24 horas, deber\u00e1n en el \u00e1mbito de sus respectivas competencias, eliminar la publicaci\u00f3n realizada en el DOF, el 15 de septiembre de 2024, del Decreto de Reforma Constitucional, mediante el cual se reforman, derogan y adicionan diversas disposiciones de la Constituci\u00f3n en materia de reformas al Poder Judicial Federal, hasta en tanto se notifique a las autoridades responsables el auto en que cause ejecutoria la sentencia que se emita en el juicio principal\u201d.<\/p>\n\n\n\n<p>La juzgadora apercibe \u201ca las autoridades responsables que de no cumplir con el requerimiento formulado en esta resoluci\u00f3n, se dar\u00e1 vista al Ministerio P\u00fablico de la Federaci\u00f3n\u201d.<\/p>\n\n\n\n<p>Con ello en caso de determinarse que existe responsabilidad en el delito de desacato a una suspensi\u00f3n al t\u00e9rmino del juicio de amparo, la ley establece que se \u201cimpondr\u00e1 pena de tres a nueve a\u00f1os de prisi\u00f3n, multa de 50 a 500 d\u00edas, destituci\u00f3n e inhabilitaci\u00f3n de tres a nueve a\u00f1os para desempe\u00f1ar otro cargo o empleo p\u00fablico\u201d.<\/p>\n\n\n\n<p>(LaJornada)<\/p>\n","protected":false},"excerpt":{"rendered":"<p>Redacci\u00f3n\/Zona Roja Cdmx. Ciudad de M\u00e9xico, a 18 de octubre de 2024.- El juzgado 19&hellip;<\/p>\n","protected":false},"author":2,"featured_media":72543,"comment_status":"closed","ping_status":"open","sticky":false,"template":"","format":"standard","meta":{"_lmt_disableupdate":"","_lmt_disable":"","_jetpack_memberships_contains_paid_content":false,"footnotes":""},"categories":[109,47],"tags":[4027],"class_list":["post-73559","post","type-post","status-publish","format-standard","has-post-thumbnail","hentry","category-minuto-a-minuto","category-zona-gris","tag-reforma-al-poder-judicial"],"jetpack_featured_media_url":"https:\/\/zonaroja.com.mx\/wp-content\/uploads\/2024\/09\/Reforma-al-Poder-Judicial.jpeg","jetpack_sharing_enabled":true,"_links":{"self":[{"href":"https:\/\/zonaroja.com.mx\/index.php?rest_route=\/wp\/v2\/posts\/73559","targetHints":{"allow":["GET"]}}],"collection":[{"href":"https:\/\/zonaroja.com.mx\/index.php?rest_route=\/wp\/v2\/posts"}],"about":[{"href":"https:\/\/zonaroja.com.mx\/index.php?rest_route=\/wp\/v2\/types\/post"}],"author":[{"embeddable":true,"href":"https:\/\/zonaroja.com.mx\/index.php?rest_route=\/wp\/v2\/users\/2"}],"replies":[{"embeddable":true,"href":"https:\/\/zonaroja.com.mx\/index.php?rest_route=%2Fwp%2Fv2%2Fcomments&post=73559"}],"version-history":[{"count":1,"href":"https:\/\/zonaroja.com.mx\/index.php?rest_route=\/wp\/v2\/posts\/73559\/revisions"}],"predecessor-version":[{"id":73560,"href":"https:\/\/zonaroja.com.mx\/index.php?rest_route=\/wp\/v2\/posts\/73559\/revisions\/73560"}],"wp:featuredmedia":[{"embeddable":true,"href":"https:\/\/zonaroja.com.mx\/index.php?rest_route=\/wp\/v2\/media\/72543"}],"wp:attachment":[{"href":"https:\/\/zonaroja.com.mx\/index.php?rest_route=%2Fwp%2Fv2%2Fmedia&parent=73559"}],"wp:term":[{"taxonomy":"category","embeddable":true,"href":"https:\/\/zonaroja.com.mx\/index.php?rest_route=%2Fwp%2Fv2%2Fcategories&post=73559"},{"taxonomy":"post_tag","embeddable":true,"href":"https:\/\/zonaroja.com.mx\/index.php?rest_route=%2Fwp%2Fv2%2Ftags&post=73559"}],"curies":[{"name":"wp","href":"https:\/\/api.w.org\/{rel}","templated":true}]}}