{"id":73561,"date":"2024-10-18T08:15:00","date_gmt":"2024-10-18T14:15:00","guid":{"rendered":"https:\/\/zonaroja.com.mx\/?p=73561"},"modified":"2024-10-18T07:44:44","modified_gmt":"2024-10-18T13:44:44","slug":"muere-menor-de-edad-apunalado-en-san-antonio-de-la-cal","status":"publish","type":"post","link":"https:\/\/zonaroja.com.mx\/?p=73561","title":{"rendered":"Muere menor apu\u00f1alado en San Antonio de la Cal; otro ejecutado en el Istmo"},"content":{"rendered":"\n<p>Raymundo Morales\/Zona Roja.<\/p>\n\n\n\n<p>Oaxaca de Ju\u00e1rez, Oax., a 18 de octubre de 2024.- Un cuerpo sin vida, con huellas de tortura y disparos de arma de fuego, fue localizado este viernes en la madrugada en el tramo carretero que une a Juchit\u00e1n de Zaragoza con Santo Domingo Tehuantepec.<\/p>\n\n\n\n<p>La v\u00edctima se hall\u00f3 en un basurero clandestino, jurisdicci\u00f3n de este \u00faltimo municipio y ten\u00eda una bolsa en la cabeza, adem\u00e1s de hallarse maniatado; hasta el momento no hay m\u00e1s datos acerca de su identidad.<\/p>\n\n\n\n<p>Por otra parte, en el Hospital General \u201cDr. Aurelio Valdivieso\u201d muri\u00f3 ayer el menor de edad atacado un un arma blanca la v\u00edspera en San Antonio de la Cal, municipio conurbado a la capital de Oaxaca.<\/p>\n\n\n\n<p>De acuerdo con reportes policiacos y confirmaci\u00f3n de la Fiscal\u00eda General del Estado, los hechos sucedieron la noche del mi\u00e9rcoles, en que atacaron a Gary de Jes\u00fas O. L., de 15 a\u00f1os de edad, cuando se encontraba en la calle Uni\u00f3n y Progreso.<\/p>\n\n\n\n<p>Fue auxiliado por param\u00e9dicos y trasladado de inmediato al hospital ubicado en la capital, donde ayer se confirm\u00f3 que perdi\u00f3 la vida a causa de la gravedad de las lesiones; hasta el momento se desconoce qui\u00e9n o qui\u00e9nes lo agredieron.<\/p>\n\n\n\n<p>VEH\u00cdCULOS INCENDIADOS<\/p>\n\n\n\n<p>Por otra parte, al menos dos veh\u00edculos resultaron incendiados, por distintas causas, en las regiones Istmo de Tehuantepec y Cuenca del Papaloapan.<\/p>\n\n\n\n<p>Ayer por la ma\u00f1ana, la autoridad municipal de Juchit\u00e1n de Zaragoza localiz\u00f3 un mototaxi incendiado, en un camino de terracer\u00eda; hasta el momento se desconocen las causas.<\/p>\n\n\n\n<p>Mientras tanto, en San Juan Bautista Tuxtepec fue incendiado un coche propiedad de un comunicador, identificado como Arturo Hern\u00e1ndez Candelario, del medio informativo \u201cImpacto publicitario\u201d.<\/p>\n\n\n\n<p>La unidad se hall\u00f3 afuera de su domicilio, en el bulevar Francisco Fern\u00e1ndez Arteaga, por lo cual present\u00f3 su denuncia ante la Vicefiscal\u00eda Regional de la Cuenca.<\/p>\n\n\n\n<p>OTRO ATAQUE<\/p>\n\n\n\n<p>Mientras tanto, otro comunicador, Alfonso Morales, denunci\u00f3 haber sido v\u00edctima de un atentado, mientras se trasladaba a bordo de su veh\u00edculo propiedad de la empresa \u201cOctopus\u201d.<\/p>\n\n\n\n<p>Inform\u00f3 que se trasladaba sobre la carretera Trans\u00edstmica, cuando a la altura del crucero a la localidad de El Ajal, municipio de El Barrio de la Soledad, fue agredido a balazos.<\/p>\n\n\n\n<p>Polic\u00edas estatales y federales arribaron de inmediato a la zona y lograron la detenci\u00f3n de una persona del sexo masculino, como presunto autor de la agresi\u00f3n armada; el comunicador originario de Mat\u00edas Romero fue trasladado a un hospital.<\/p>\n\n\n\n<p>Por otra parte, en San Pedro Pochutla, municipio de la regi\u00f3n Costa, un individuo fue atacado por disparos de arma de fuego en el paraje \u201cLa Colorada\u201d; la v\u00edctima identificada como Leonardo S., fue trasladada a un nosocomio.<\/p>\n\n\n\n<p>DOS DETENIDOS<\/p>\n\n\n\n<p>Mientras tanto, en la regi\u00f3n del Istmo de Tehuantepec, dos personas fueron detenidas tras ser acusadas de extorsi\u00f3n en el municipio de San Blas Atempa.<\/p>\n\n\n\n<p>Ambas personas se trasladaban a bordo de un taxi del municipio de Santa Mar\u00eda Mixtequilla, cuando fueron interceptados por elementos policiacos, luego de las llamadas de denuncia.<\/p>\n\n\n\n<p>La detenci\u00f3n se efectu\u00f3 en la carretera hacia Santa Rosa de Lima, a la altura del paraje \u201cLos Manguitos\u201d y fueron puestos a disposici\u00f3n de la autoridad ministerial.<\/p>\n","protected":false},"excerpt":{"rendered":"<p>Raymundo Morales\/Zona Roja. Oaxaca de Ju\u00e1rez, Oax., a 18 de octubre de 2024.- Un cuerpo&hellip;<\/p>\n","protected":false},"author":2,"featured_media":68050,"comment_status":"closed","ping_status":"open","sticky":false,"template":"","format":"standard","meta":{"_lmt_disableupdate":"","_lmt_disable":"","_jetpack_memberships_contains_paid_content":false,"footnotes":""},"categories":[109,51],"tags":[875],"class_list":["post-73561","post","type-post","status-publish","format-standard","has-post-thumbnail","hentry","category-minuto-a-minuto","category-zona-roja","tag-san-antonio-de-la-cal"],"jetpack_featured_media_url":"https:\/\/zonaroja.com.mx\/wp-content\/uploads\/2024\/05\/Escena-asesinato-crimen.jpg","jetpack_sharing_enabled":true,"_links":{"self":[{"href":"https:\/\/zonaroja.com.mx\/index.php?rest_route=\/wp\/v2\/posts\/73561","targetHints":{"allow":["GET"]}}],"collection":[{"href":"https:\/\/zonaroja.com.mx\/index.php?rest_route=\/wp\/v2\/posts"}],"about":[{"href":"https:\/\/zonaroja.com.mx\/index.php?rest_route=\/wp\/v2\/types\/post"}],"author":[{"embeddable":true,"href":"https:\/\/zonaroja.com.mx\/index.php?rest_route=\/wp\/v2\/users\/2"}],"replies":[{"embeddable":true,"href":"https:\/\/zonaroja.com.mx\/index.php?rest_route=%2Fwp%2Fv2%2Fcomments&post=73561"}],"version-history":[{"count":2,"href":"https:\/\/zonaroja.com.mx\/index.php?rest_route=\/wp\/v2\/posts\/73561\/revisions"}],"predecessor-version":[{"id":73564,"href":"https:\/\/zonaroja.com.mx\/index.php?rest_route=\/wp\/v2\/posts\/73561\/revisions\/73564"}],"wp:featuredmedia":[{"embeddable":true,"href":"https:\/\/zonaroja.com.mx\/index.php?rest_route=\/wp\/v2\/media\/68050"}],"wp:attachment":[{"href":"https:\/\/zonaroja.com.mx\/index.php?rest_route=%2Fwp%2Fv2%2Fmedia&parent=73561"}],"wp:term":[{"taxonomy":"category","embeddable":true,"href":"https:\/\/zonaroja.com.mx\/index.php?rest_route=%2Fwp%2Fv2%2Fcategories&post=73561"},{"taxonomy":"post_tag","embeddable":true,"href":"https:\/\/zonaroja.com.mx\/index.php?rest_route=%2Fwp%2Fv2%2Ftags&post=73561"}],"curies":[{"name":"wp","href":"https:\/\/api.w.org\/{rel}","templated":true}]}}