{"id":73565,"date":"2024-10-18T09:15:00","date_gmt":"2024-10-18T15:15:00","guid":{"rendered":"https:\/\/zonaroja.com.mx\/?p=73565"},"modified":"2024-10-18T07:48:58","modified_gmt":"2024-10-18T13:48:58","slug":"activistas-nacionales-se-suman-a-exigencia-por-sandra-dominguez","status":"publish","type":"post","link":"https:\/\/zonaroja.com.mx\/?p=73565","title":{"rendered":"Activistas nacionales se suman a exigencia por Sandra Dom\u00ednguez\u00a0"},"content":{"rendered":"\n<p>Raymundo Morales\/Zona Roja.<\/p>\n\n\n\n<p>Oaxaca de Ju\u00e1rez, Oax., a 18 de octubre de 2024.- Ceci Flores y Adri\u00e1n LeBar\u00f3n, activistas nacionales, v\u00edctimas tambi\u00e9n de delitos de desaparici\u00f3n y cr\u00edmenes, as\u00ed como la escritora Yasnaya Elena Aguilar, se pronunciaron por el caso de Sandra Dom\u00ednguez y Alexander Hern\u00e1ndez.<\/p>\n\n\n\n<p>\u201cAqu\u00ed estoy poniendo mi voz para que realicen un trabajo completo y encuentren a Sandra Dom\u00ednguez\u2026 que no se permita a una mujer como Sandra Dom\u00ednguez se pierda\u201d, difundi\u00f3 la ling\u00fcista y activista \u2014quien recientemente se present\u00f3 en la Feria Internacional del Libro de Oaxaca\u2014 a trav\u00e9s de un video en redes sociales.<\/p>\n\n\n\n<p>Por su parte, la presidenta fundadora de la organizaci\u00f3n \u201cMadres Buscadoras de Sonora y de M\u00e9xico\u201d, Cecilia Aguilar, difundi\u00f3 a trav\u00e9s de la cuenta de X:<\/p>\n\n\n\n<p>\u201cDesaparecen dos personas y lo \u00fanico que puede decir el Secretario de Gobierno de Oaxaca @jesusromerooax es que los activistas y medios &#8216;viven del dolor ajeno\u2019, pero son ellos, los pol\u00edticos, los que cobran por vernos morir.<\/p>\n\n\n\n<p>\u201cLa madre de Sandra merece una disculpa. Que no se les olvide su nombre, tienen el derecho de volver a casa y tienen una madre que las espera.<\/p>\n\n\n\n<p>\u201cSi alguien vive del dolor ajeno, son los que cobran un cheque por decir: \u2018lo siento\u00b4 cuando una familia queda incompleta por la violencia que nos tiene de rodillas\u201d.<\/p>\n\n\n\n<p>Tambi\u00e9n a trav\u00e9s de la red social X, el activista Adri\u00e1n LeBar\u00f3n poste\u00f3:<\/p>\n\n\n\n<p>\u201cNadie lucra con el dolor ajeno, cualquiera cambiar\u00eda la \u2018fama\u2019 por ver regresar a sus hijos, por abrazar de nuevo a sus seres queridos. Gracias a los medios la carga se hace menor, por eso duele que ante la incapacidad, haya autoridades como @jesusromerooax que agreden a personas que hacen el trabajo que ellos no pueden hacer\u201d.<\/p>\n\n\n\n<p>Ambas personas desaparecieron el pasado 4 de octubre en Mar\u00eda Lombardo de Caso, San Juan Cotzoc\u00f3n Mixe; su veh\u00edculo fue localizado despu\u00e9s en jurisdicci\u00f3n de Tierra Blanca, Veracruz.<\/p>\n\n\n\n<p>Tanto el Gobierno del Estado de Oaxaca como la Fiscal\u00eda General del Estado de Oaxaca ha reiterado que se realizan intensos operativos de b\u00fasqueda en la Cuenca, la regi\u00f3n Valles Centrales y localidades de Veracruz colindantes con esta entidad.<\/p>\n\n\n\n<p>Ayer, el secretario de Gobierno, Jes\u00fas Romero L\u00f3pez, inform\u00f3 en conferencia de prensa que hay indicios de que pudiera estar involucrado el crimen organizado en las desapariciones.<\/p>\n","protected":false},"excerpt":{"rendered":"<p>Raymundo Morales\/Zona Roja. Oaxaca de Ju\u00e1rez, Oax., a 18 de octubre de 2024.- Ceci Flores&hellip;<\/p>\n","protected":false},"author":2,"featured_media":73544,"comment_status":"closed","ping_status":"open","sticky":false,"template":"","format":"standard","meta":{"_lmt_disableupdate":"","_lmt_disable":"","_jetpack_memberships_contains_paid_content":false,"footnotes":""},"categories":[109,46],"tags":[4086],"class_list":["post-73565","post","type-post","status-publish","format-standard","has-post-thumbnail","hentry","category-minuto-a-minuto","category-zona-blanca","tag-sandra-dominguez"],"jetpack_featured_media_url":"https:\/\/zonaroja.com.mx\/wp-content\/uploads\/2024\/10\/Sandra-Dominguez.jpg","jetpack_sharing_enabled":true,"_links":{"self":[{"href":"https:\/\/zonaroja.com.mx\/index.php?rest_route=\/wp\/v2\/posts\/73565","targetHints":{"allow":["GET"]}}],"collection":[{"href":"https:\/\/zonaroja.com.mx\/index.php?rest_route=\/wp\/v2\/posts"}],"about":[{"href":"https:\/\/zonaroja.com.mx\/index.php?rest_route=\/wp\/v2\/types\/post"}],"author":[{"embeddable":true,"href":"https:\/\/zonaroja.com.mx\/index.php?rest_route=\/wp\/v2\/users\/2"}],"replies":[{"embeddable":true,"href":"https:\/\/zonaroja.com.mx\/index.php?rest_route=%2Fwp%2Fv2%2Fcomments&post=73565"}],"version-history":[{"count":1,"href":"https:\/\/zonaroja.com.mx\/index.php?rest_route=\/wp\/v2\/posts\/73565\/revisions"}],"predecessor-version":[{"id":73566,"href":"https:\/\/zonaroja.com.mx\/index.php?rest_route=\/wp\/v2\/posts\/73565\/revisions\/73566"}],"wp:featuredmedia":[{"embeddable":true,"href":"https:\/\/zonaroja.com.mx\/index.php?rest_route=\/wp\/v2\/media\/73544"}],"wp:attachment":[{"href":"https:\/\/zonaroja.com.mx\/index.php?rest_route=%2Fwp%2Fv2%2Fmedia&parent=73565"}],"wp:term":[{"taxonomy":"category","embeddable":true,"href":"https:\/\/zonaroja.com.mx\/index.php?rest_route=%2Fwp%2Fv2%2Fcategories&post=73565"},{"taxonomy":"post_tag","embeddable":true,"href":"https:\/\/zonaroja.com.mx\/index.php?rest_route=%2Fwp%2Fv2%2Ftags&post=73565"}],"curies":[{"name":"wp","href":"https:\/\/api.w.org\/{rel}","templated":true}]}}