{"id":73567,"date":"2024-10-18T09:55:00","date_gmt":"2024-10-18T15:55:00","guid":{"rendered":"https:\/\/zonaroja.com.mx\/?p=73567"},"modified":"2024-10-18T07:53:51","modified_gmt":"2024-10-18T13:53:51","slug":"incesantes-enfrentamientos-en-sinaloa-y-ahora-ataca-sede-del-periodico-debate","status":"publish","type":"post","link":"https:\/\/zonaroja.com.mx\/?p=73567","title":{"rendered":"Incesantes enfrentamientos en Sinaloa y ahora ataca sede del peri\u00f3dico \u201cDebate\u201d"},"content":{"rendered":"\n<p>Redacci\u00f3n\/Zona Roja Cdmx. Foto: \u00abEl Debate\u00bb<\/p>\n\n\n\n<p>Ciudad de M\u00e9xico, a 18 de octubre de 2024.- El peri\u00f3dico \u201cEl Debate\u201d de Culiac\u00e1n fue objeto de un atentado a balazos la noche del jueves 17 de octubre, cuando hombres armados a bordo de veh\u00edculos dispararon al menos 12 veces contra la fachada de la casa editorial.<\/p>\n\n\n\n<p>\u201cLas instalaciones de esta casa editora fueron objeto de un atentado a balazos por parte de sujetos que se desplazaban a bordo de veh\u00edculos. En la fachada del edificio de \u2018El Debate Culiac\u00e1n\u2019 quedaron indicios de los disparos. Por lo menos dispararon en 12 ocasiones\u201d, dijo el propio medio de comunicaci\u00f3n.<\/p>\n\n\n\n<p>Al detallar que los disparos se hicieron en la calle Donato Guerra, en la colonia Centro, precisaron que varios autos en las inmediaciones resultaron afectados por los disparos. Hasta el momento, no se reportan personas lesionadas.<\/p>\n\n\n\n<p>En redes sociales circulan audios en los que presuntos integrantes del crimen organizado ordenan un ataque con el objetivo de concentrar la atenci\u00f3n en esa zona. \u201cA la casa de \u2018El Debate\u2019, pa\u2019 que se prenda para all\u00e1 todo\u201d, se oye decir a un sujeto.<\/p>\n\n\n\n<p>Minutos m\u00e1s tarde, la Secretar\u00eda de Seguridad P\u00fablica de Sinaloa (SSP) inform\u00f3 que recibi\u00f3 reportes de estos hechos, por lo que elementos de la Polic\u00eda Estatal Preventiva acudieron al lugar. Al llegar, localizaron impactos de arma de fuego en la fachada del inmueble, as\u00ed como cuatro veh\u00edculos da\u00f1ados por esta misma causa, entre ellos dos unidades de la empresa y dos autos particulares.<\/p>\n\n\n\n<p>INCENSANTE VIOLENCIA<\/p>\n\n\n\n<p>Este atentado se enmarca en una serie de actos violentos que se han desatado en diversas partes de la ciudad de Culiac\u00e1n desde las primeras horas de ayer jueves, que se han prolongado a este viernes 18 de octubre. De acuerdo con el periodista Adri\u00e1n L\u00f3pez, de \u201cNoroeste\u201d, en las \u00faltimas horas pr\u00e1cticamente todos los accesos a Culiac\u00e1n fueron bloqueados.<\/p>\n\n\n\n<p>Simult\u00e1neamente, la Secretar\u00eda de Seguridad inform\u00f3 sobre diversos reportes de detonaciones y bloqueos en distintos puntos de Culiac\u00e1n.<\/p>\n\n\n\n<p>En el campo El Diez, a las afueras de la ciudad, se registraron enfrentamientos entre civiles armados, lo que motiv\u00f3 la movilizaci\u00f3n de fuerzas de seguridad de los tres \u00f3rdenes de gobierno. La Secretar\u00eda a\u00f1adi\u00f3 que, aunque no se encontraron civiles armados en el lugar, localizaron veh\u00edculos da\u00f1ados y casquillos percutidos.<\/p>\n\n\n\n<p>De manera similar, se reportaron detonaciones de arma de fuego en la comunidad de Portezuelo, perteneciente a la sindicatura de Imala, y bloqueos en las vialidades que conectan Culiac\u00e1n con otras localidades.<\/p>\n\n\n\n<p>Un tr\u00e1iler que bloqueaba el acceso a la carretera Culiac\u00e1n-Los Mochis, cerca del puente al aeropuerto, fue retirado, lo que permiti\u00f3 restablecer la circulaci\u00f3n. Tambi\u00e9n se atendi\u00f3 un bloqueo en el bulevar Jes\u00fas Kumate y bulevar Las Torres, que fue despejado por las autoridades.<\/p>\n\n\n\n<p>La violencia continu\u00f3 con enfrentamientos en la zona norte de la ciudad. A las 22:40 horas, hubo reportes de tiroteos en el bulevar Orqu\u00eddeas, en el sector Santa Fe, donde se dispar\u00f3 contra veh\u00edculos particulares. Adem\u00e1s, en el sector Cedros se despoj\u00f3 y quem\u00f3 un autom\u00f3vil Hyundai. Otros incidentes incluyeron la quema de un cami\u00f3n de basura en la salida hacia Imala.<\/p>\n\n\n\n<p>La serie de hechos violentos en Culiac\u00e1n se ha extendido a varias zonas de la ciudad, afectando las salidas al sur, oriente y norte, sumando a la creciente inseguridad en la regi\u00f3n.<\/p>\n\n\n\n<p>M\u00e1s temprano, en las primeras horas del jueves se registraron m\u00e1s movilizaciones. El primer incidente registrado fue en Villa Ju\u00e1rez, municipio de Navolato, donde dos hombres resultaron heridos tras un enfrentamiento a balazos. Poco despu\u00e9s, en la sindicatura de Tepuche, en las afueras de Culiac\u00e1n, seis presuntos delincuentes fueron abatidos por elementos del Ej\u00e9rcito Mexicano durante un tiroteo. En este lugar se aseguraron tres veh\u00edculos, un arsenal de armas y equipo t\u00e1ctico, en lo que represent\u00f3 uno de los operativos m\u00e1s significativos del d\u00eda.<\/p>\n\n\n\n<p>Por otro lado, en la Maxipista Culiac\u00e1n-Mazatl\u00e1n, sujetos armados bloquearon la vialidad atravesando tr\u00e1ileres en varios tramos. En particular, en las cercan\u00edas del parque acu\u00e1tico Splash Club, un grupo de personas armadas incendi\u00f3 una g\u00f3ndola y un tr\u00e1iler, generando p\u00e1nico entre los conductores que quedaron atrapados en el bloqueo. Elementos del Ej\u00e9rcito Mexicano y la Polic\u00eda Estatal llegaron al lugar para restablecer el orden y despejar la zona.<\/p>\n\n\n\n<p>(Informaci\u00f3n de Infobae M\u00e9xico)<\/p>\n","protected":false},"excerpt":{"rendered":"<p>Redacci\u00f3n\/Zona Roja Cdmx. Foto: \u00abEl Debate\u00bb Ciudad de M\u00e9xico, a 18 de octubre de 2024.-&hellip;<\/p>\n","protected":false},"author":2,"featured_media":73568,"comment_status":"closed","ping_status":"open","sticky":false,"template":"","format":"standard","meta":{"_lmt_disableupdate":"","_lmt_disable":"","_jetpack_memberships_contains_paid_content":false,"footnotes":""},"categories":[109,47],"tags":[136],"class_list":["post-73567","post","type-post","status-publish","format-standard","has-post-thumbnail","hentry","category-minuto-a-minuto","category-zona-gris","tag-sinaloa"],"jetpack_featured_media_url":"https:\/\/zonaroja.com.mx\/wp-content\/uploads\/2024\/10\/El-debate-Sinaloa-.jpg.webp","jetpack_sharing_enabled":true,"_links":{"self":[{"href":"https:\/\/zonaroja.com.mx\/index.php?rest_route=\/wp\/v2\/posts\/73567","targetHints":{"allow":["GET"]}}],"collection":[{"href":"https:\/\/zonaroja.com.mx\/index.php?rest_route=\/wp\/v2\/posts"}],"about":[{"href":"https:\/\/zonaroja.com.mx\/index.php?rest_route=\/wp\/v2\/types\/post"}],"author":[{"embeddable":true,"href":"https:\/\/zonaroja.com.mx\/index.php?rest_route=\/wp\/v2\/users\/2"}],"replies":[{"embeddable":true,"href":"https:\/\/zonaroja.com.mx\/index.php?rest_route=%2Fwp%2Fv2%2Fcomments&post=73567"}],"version-history":[{"count":1,"href":"https:\/\/zonaroja.com.mx\/index.php?rest_route=\/wp\/v2\/posts\/73567\/revisions"}],"predecessor-version":[{"id":73569,"href":"https:\/\/zonaroja.com.mx\/index.php?rest_route=\/wp\/v2\/posts\/73567\/revisions\/73569"}],"wp:featuredmedia":[{"embeddable":true,"href":"https:\/\/zonaroja.com.mx\/index.php?rest_route=\/wp\/v2\/media\/73568"}],"wp:attachment":[{"href":"https:\/\/zonaroja.com.mx\/index.php?rest_route=%2Fwp%2Fv2%2Fmedia&parent=73567"}],"wp:term":[{"taxonomy":"category","embeddable":true,"href":"https:\/\/zonaroja.com.mx\/index.php?rest_route=%2Fwp%2Fv2%2Fcategories&post=73567"},{"taxonomy":"post_tag","embeddable":true,"href":"https:\/\/zonaroja.com.mx\/index.php?rest_route=%2Fwp%2Fv2%2Ftags&post=73567"}],"curies":[{"name":"wp","href":"https:\/\/api.w.org\/{rel}","templated":true}]}}