{"id":73570,"date":"2024-10-18T10:55:00","date_gmt":"2024-10-18T16:55:00","guid":{"rendered":"https:\/\/zonaroja.com.mx\/?p=73570"},"modified":"2024-10-18T12:17:13","modified_gmt":"2024-10-18T18:17:13","slug":"ojala-que-con-la-misma-intensidad-busquen-a-todas-las-victimas","status":"publish","type":"post","link":"https:\/\/zonaroja.com.mx\/?p=73570","title":{"rendered":"\u201cOjal\u00e1 que con la misma intensidad busquen a todas las v\u00edctimas\u201d"},"content":{"rendered":"\n<p>Ismael Garc\u00eda M.\/Zona Roja.<\/p>\n\n\n\n<p>Oaxaca de Ju\u00e1rez, Oax., a 18 de octubre de 2024.- En Oaxaca existen alrededor de cuatro mil personas desaparecidas o no localizadas y tan s\u00f3lo este a\u00f1o se tienen registrados unos 30 casos, inform\u00f3 Martha Pablo Cruz, presidenta de la asociaci\u00f3n civil&nbsp;\u201cOaxaque\u00f1os buscando a los nuestros\u201d.<\/p>\n\n\n\n<p>Luego de colocar este jueves m\u00e1s fichas de b\u00fasqueda y renovar, junto con integrantes de otros cuatro colectivos, la mampara ubicada frente al Palacio de Gobierno, lament\u00f3 la desaparici\u00f3n de Sandra Dom\u00ednguez y su pareja Alexander Hern\u00e1ndez.<\/p>\n\n\n\n<p>Sin embargo, reproch\u00f3 a las autoridades estatales que no se d\u00e9 la misma importancia a los dem\u00e1s casos que se han denunciado.<\/p>\n\n\n\n<p>\u201cEl de Sandra Dom\u00ednguez es el m\u00e1s sonado, el m\u00e1s medi\u00e1tico quiz\u00e1, todas las instituciones est\u00e1n haciendo su b\u00fasqueda con todos los elementos. Ojal\u00e1, como lo hemos dicho, as\u00ed fueran todas las b\u00fasquedas.<\/p>\n\n\n\n<p>\u201cNos admira porque fue lo mismo que hicieron con Claudia Uruchurtu, quiz\u00e1 por el apellido extranjero se le dio mucha difusi\u00f3n, mucho auge en su momento y tambi\u00e9n porque la desaparici\u00f3n involucraba a gente de gobierno como es el caso ahora.<\/p>\n\n\n\n<p>\u201cEs sabido que esta chica denunci\u00f3 un abuso de autoridad, por as\u00ed decirlo, de una persona que trabaja actualmente en el gobierno; yo creo que por eso tambi\u00e9n las instituciones como que le est\u00e1n moviendo mucho\u201d, destac\u00f3.<\/p>\n\n\n\n<p>Inform\u00f3 que si bien hay apoyo de la Comisi\u00f3n Estatal de B\u00fasqueda al igual que de la Fiscal\u00eda General del Estado de Oaxaca ha escasos recursos para realizar adecuadamente las tareas de b\u00fasqueda.<\/p>\n\n\n\n<p>\u201cTodas las b\u00fasquedas deber\u00edan ser con la misma intensidad, inmediatas, y con todo el equipo necesario, pero lamentablemente nuestros desaparecidos no son importantes, pues nos la van haciendo cansada\u201d, reproch\u00f3.<\/p>\n\n\n\n<p>A pregunta expresa, informo que de manera personal no ha recibido amenazas ni ninguna acci\u00f3n intimidatoria.<\/p>\n\n\n\n<p>\u201cYo puedo expresarme y lo he dicho ampliamente; si a alguien le molesta pues que hagan su trabajo, es lo \u00fanico que exijo; no les estoy sacando ni su vida personal porque no me interesa, lo \u00fanico que quiero es que hagan su trabajo; ahora, no quieren o no pueden, pues que renuncien.<\/p>\n\n\n\n<p>Sobre la desaparici\u00f3n continua de personas, abund\u00f3:<\/p>\n\n\n\n<p>\u201cLamentablemente este colectivo trajo m\u00e1s fichas, est\u00e1 creciendo; ten\u00edamos (este a\u00f1o) nada m\u00e1s 12, ahora tengo 30; es lamentable decir que va en aumento, porque las familias est\u00e1n sufriendo por un hijo, una hija\u201d.<\/p>\n","protected":false},"excerpt":{"rendered":"<p>Ismael Garc\u00eda M.\/Zona Roja. Oaxaca de Ju\u00e1rez, Oax., a 18 de octubre de 2024.- En&hellip;<\/p>\n","protected":false},"author":2,"featured_media":73571,"comment_status":"closed","ping_status":"open","sticky":false,"template":"","format":"standard","meta":{"_lmt_disableupdate":"","_lmt_disable":"","_jetpack_memberships_contains_paid_content":false,"footnotes":""},"categories":[109,47],"tags":[],"class_list":["post-73570","post","type-post","status-publish","format-standard","has-post-thumbnail","hentry","category-minuto-a-minuto","category-zona-gris"],"jetpack_featured_media_url":"https:\/\/zonaroja.com.mx\/wp-content\/uploads\/2024\/10\/Mampara-colectivos-de-busqueda-Oaxaca.jpeg","jetpack_sharing_enabled":true,"_links":{"self":[{"href":"https:\/\/zonaroja.com.mx\/index.php?rest_route=\/wp\/v2\/posts\/73570","targetHints":{"allow":["GET"]}}],"collection":[{"href":"https:\/\/zonaroja.com.mx\/index.php?rest_route=\/wp\/v2\/posts"}],"about":[{"href":"https:\/\/zonaroja.com.mx\/index.php?rest_route=\/wp\/v2\/types\/post"}],"author":[{"embeddable":true,"href":"https:\/\/zonaroja.com.mx\/index.php?rest_route=\/wp\/v2\/users\/2"}],"replies":[{"embeddable":true,"href":"https:\/\/zonaroja.com.mx\/index.php?rest_route=%2Fwp%2Fv2%2Fcomments&post=73570"}],"version-history":[{"count":2,"href":"https:\/\/zonaroja.com.mx\/index.php?rest_route=\/wp\/v2\/posts\/73570\/revisions"}],"predecessor-version":[{"id":73580,"href":"https:\/\/zonaroja.com.mx\/index.php?rest_route=\/wp\/v2\/posts\/73570\/revisions\/73580"}],"wp:featuredmedia":[{"embeddable":true,"href":"https:\/\/zonaroja.com.mx\/index.php?rest_route=\/wp\/v2\/media\/73571"}],"wp:attachment":[{"href":"https:\/\/zonaroja.com.mx\/index.php?rest_route=%2Fwp%2Fv2%2Fmedia&parent=73570"}],"wp:term":[{"taxonomy":"category","embeddable":true,"href":"https:\/\/zonaroja.com.mx\/index.php?rest_route=%2Fwp%2Fv2%2Fcategories&post=73570"},{"taxonomy":"post_tag","embeddable":true,"href":"https:\/\/zonaroja.com.mx\/index.php?rest_route=%2Fwp%2Fv2%2Ftags&post=73570"}],"curies":[{"name":"wp","href":"https:\/\/api.w.org\/{rel}","templated":true}]}}