{"id":73576,"date":"2024-10-18T12:03:00","date_gmt":"2024-10-18T18:03:00","guid":{"rendered":"https:\/\/zonaroja.com.mx\/?p=73576"},"modified":"2024-10-18T10:04:43","modified_gmt":"2024-10-18T16:04:43","slug":"mata-israel-a-otro-lider-de-hamas-continuan-ataques","status":"publish","type":"post","link":"https:\/\/zonaroja.com.mx\/?p=73576","title":{"rendered":"Mata Israel a otro l\u00edder de Hamas; contin\u00faan ataques\u00a0"},"content":{"rendered":"\n<p>Redacci\u00f3n\/Zona Roja Cdmx.<\/p>\n\n\n\n<p>Ciudad de M\u00e9xico, a 18 de octubre de 2024.- Israel anunci\u00f3 este jueves que hab\u00eda \u00abeliminado\u00bb al l\u00edder de Hamas, Yahya Sinwar, en una operaci\u00f3n en Gaza, en lo que podr\u00eda ser un golpe decisivo contra el movimiento islamista tras m\u00e1s de un a\u00f1o de guerra en el territorio palestino.<\/p>\n\n\n\n<p>\u00abEl asesino en masa Yahya Sinwar, responsable de la masacre y las atrocidades del 7 de octubre, fue eliminado\u00bb, afirm\u00f3 el ministro israel\u00ed de Relaciones Exteriores, Israel Katz, en un comunicado enviado a los medios.<\/p>\n\n\n\n<p>El ej\u00e9rcito confirm\u00f3 poco despu\u00e9s que \u00abdespu\u00e9s de una b\u00fasqueda de un a\u00f1o, ayer (mi\u00e9rcoles), 16 de octubre de 2024, soldados del ej\u00e9rcito israel\u00ed eliminaron a Yahya Sinwar, l\u00edder de la organizaci\u00f3n terrorista Hamas durante una operaci\u00f3n en el sur de la Franja de Gaza\u00bb.<\/p>\n\n\n\n<p>Hamas, en el poder en Gaza, no confirm\u00f3 la muerte de su l\u00edder.<\/p>\n\n\n\n<p>El primer ministro de Israel, Benjamin Netanyahu, afirm\u00f3 que \u00abel mal sufri\u00f3 un duro golpe\u00bb, pero que \u00abla guerra a\u00fan no termin\u00f3\u00bb.<\/p>\n\n\n\n<p>El presidente israel\u00ed, Isaac Herzog, urgi\u00f3 por su parte a lanzar una acci\u00f3n para liberar a los rehenes retenidos en Gaza.<\/p>\n\n\n\n<p>\u00abAhora, m\u00e1s que nunca, debemos actuar por todos los medios posibles para traer de vuelta a los 101 rehenes que todav\u00eda est\u00e1n retenidos en condiciones horribles por los terroristas de Ham\u00e1s en Gaza\u00bb, afirm\u00f3 Herzog.<\/p>\n\n\n\n<p>Sinwar, radical y figura en la sombra, era considerado uno de los cerebros del mort\u00edfero ataque lanzado el 7 de octubre de 2023 por Hamas en territorio israel\u00ed, que desencaden\u00f3 la guerra en Gaza.<\/p>\n\n\n\n<p>De 61 a\u00f1os y jefe desde 2017 del movimiento islamista palestino en Gaza, fue nombrado jefe pol\u00edtico de Hamas a principios de agosto, tras la muerte de Ismail Haniyeh, asesinado en Teher\u00e1n el 31 de julio en un atentado atribuido a Israel.<\/p>\n\n\n\n<p>\u201cUN ALIVIO\u201d<\/p>\n\n\n\n<p>Sinwar, cuyo nombre figuraba en la lista estadunidense de \u00abterroristas internacionales\u00bb, fue objeto de varias intentos de asesinato.<\/p>\n\n\n\n<p>El presidente republicano de la C\u00e1mara de Representantes de Estados Unidos aplaudi\u00f3 \u00abla muerte\u00bb del l\u00edder de Hamas, al que calific\u00f3 de \u00abpersona vil y repugnante\u00bb, y consider\u00f3 que es un \u00abalivio\u00bb para el pueblo de Israel.<\/p>\n\n\n\n<p>El anuncio de su muerte se produce semanas despu\u00e9s de que Israel asesinara al l\u00edder de Hezbollah, Has\u00e1n Nasral\u00e1, en un bombardeo en L\u00edbano, donde el ej\u00e9rcito israel\u00ed lanz\u00f3 el 23 de septiembre una ofensiva a\u00e9rea y recorzada por operaciones terrestres una semana despu\u00e9s.<\/p>\n\n\n\n<p>En los \u00faltimos meses fueron asesinados otros comandantes de Hezbollah, una formaci\u00f3n apoyada por Ir\u00e1n.<\/p>\n\n\n\n<p>Israel dijo hace meses que hab\u00eda matado a Mohammed Deif, el jefe militar de Hamas, aunque el movimiento islamista palestino no lo ha confirmado.<\/p>\n\n\n\n<p>Deif fue acusado de planificar, junto con Sinwar, el ataque del 7 de octubre.<\/p>\n\n\n\n<p>Con Hamas enormemente debilitado m\u00e1s de un a\u00f1o despu\u00e9s del inicio de la guerra de Gaza, la muerte de Sinwar podr\u00eda suponer un golpe muy duro para la organizaci\u00f3n.<\/p>\n\n\n\n<p>SIGUE GUERRA<\/p>\n\n\n\n<p>La confirmaci\u00f3n de la muerte de Sinwar se produce en un contexto explosivo en Oriente Medio, donde Israel tiene varios frentes abiertos desde los letales ataques de Hamas el 7 de octubre, cuando milicianos islamistas mataron a mil 206 personas en territorio israel\u00ed, en su mayor\u00eda civiles, y capturaron a 251 rehenes.<\/p>\n\n\n\n<p>Al menos 42 mil 438 palestinos murieron, en su mayor\u00eda civiles, en la ofensiva de represalia israel\u00ed en Gaza, seg\u00fan datos del Ministerio de Salud del territorio, considerados fiables por la ONU.<\/p>\n\n\n\n<p>(Informaci\u00f3n de la agencia AFP en \u201cLa Jornada\u201d)<\/p>\n","protected":false},"excerpt":{"rendered":"<p>Redacci\u00f3n\/Zona Roja Cdmx. Ciudad de M\u00e9xico, a 18 de octubre de 2024.- Israel anunci\u00f3 este&hellip;<\/p>\n","protected":false},"author":2,"featured_media":73577,"comment_status":"closed","ping_status":"open","sticky":false,"template":"","format":"standard","meta":{"_lmt_disableupdate":"","_lmt_disable":"","_jetpack_memberships_contains_paid_content":false,"footnotes":""},"categories":[109,47],"tags":[2668],"class_list":["post-73576","post","type-post","status-publish","format-standard","has-post-thumbnail","hentry","category-minuto-a-minuto","category-zona-gris","tag-conflicto-gaza-israel"],"jetpack_featured_media_url":"https:\/\/zonaroja.com.mx\/wp-content\/uploads\/2024\/10\/Yahya-Sinwar-Gaza-Hamas.webp","jetpack_sharing_enabled":true,"_links":{"self":[{"href":"https:\/\/zonaroja.com.mx\/index.php?rest_route=\/wp\/v2\/posts\/73576","targetHints":{"allow":["GET"]}}],"collection":[{"href":"https:\/\/zonaroja.com.mx\/index.php?rest_route=\/wp\/v2\/posts"}],"about":[{"href":"https:\/\/zonaroja.com.mx\/index.php?rest_route=\/wp\/v2\/types\/post"}],"author":[{"embeddable":true,"href":"https:\/\/zonaroja.com.mx\/index.php?rest_route=\/wp\/v2\/users\/2"}],"replies":[{"embeddable":true,"href":"https:\/\/zonaroja.com.mx\/index.php?rest_route=%2Fwp%2Fv2%2Fcomments&post=73576"}],"version-history":[{"count":1,"href":"https:\/\/zonaroja.com.mx\/index.php?rest_route=\/wp\/v2\/posts\/73576\/revisions"}],"predecessor-version":[{"id":73578,"href":"https:\/\/zonaroja.com.mx\/index.php?rest_route=\/wp\/v2\/posts\/73576\/revisions\/73578"}],"wp:featuredmedia":[{"embeddable":true,"href":"https:\/\/zonaroja.com.mx\/index.php?rest_route=\/wp\/v2\/media\/73577"}],"wp:attachment":[{"href":"https:\/\/zonaroja.com.mx\/index.php?rest_route=%2Fwp%2Fv2%2Fmedia&parent=73576"}],"wp:term":[{"taxonomy":"category","embeddable":true,"href":"https:\/\/zonaroja.com.mx\/index.php?rest_route=%2Fwp%2Fv2%2Fcategories&post=73576"},{"taxonomy":"post_tag","embeddable":true,"href":"https:\/\/zonaroja.com.mx\/index.php?rest_route=%2Fwp%2Fv2%2Ftags&post=73576"}],"curies":[{"name":"wp","href":"https:\/\/api.w.org\/{rel}","templated":true}]}}