{"id":73584,"date":"2024-10-18T18:31:40","date_gmt":"2024-10-19T00:31:40","guid":{"rendered":"https:\/\/zonaroja.com.mx\/?p=73584"},"modified":"2024-10-18T18:31:42","modified_gmt":"2024-10-19T00:31:42","slug":"reforma-judicial-crea-incertidumbre-que-puede-afectar-inversiones-fmi","status":"publish","type":"post","link":"https:\/\/zonaroja.com.mx\/?p=73584","title":{"rendered":"Reforma judicial crea incertidumbre que puede afectar inversiones: FMI"},"content":{"rendered":"\n<p>Redacci\u00f3n\/Zona Roja Cdmx.<\/p>\n\n\n\n<p>Ciudad de M\u00e9xico, a 18 de octubre de 2024.- La reforma al Poder Judicial en M\u00e9xico genera \u201cincertidumbre\u201d, afirm\u00f3 el Fondo Monetario Internacional (FMI) en su revisi\u00f3n anual sobre la econom\u00eda mexicana.<\/p>\n\n\n\n<p>La reforma \u201ccrea una nueva fuente de incertidumbre que puede afectar las decisiones de inversi\u00f3n privada\u201d, de modo que \u201ces fundamental\u201d que \u201cse ponga en pr\u00e1ctica de manera clara y predecible, garantizando la independencia y profesionalismo del Poder Judicial y fortaleciendo el estado de derecho\u201d, advirtieron los expertos del FMI, al referirse a la reforma aprobada en septiembre, que convirti\u00f3 a M\u00e9xico en el \u00fanico pa\u00eds en el mundo en elegir a todos sus jueces por voto popular.<\/p>\n\n\n\n<p>En la evaluaci\u00f3n peri\u00f3dica que realiza a sus pa\u00edses miembros, conocida como Art\u00edculo IV, el FMI redujo su pron\u00f3stico de crecimiento econ\u00f3mico para M\u00e9xico a 1.5 por ciento este a\u00f1o y plante\u00f3 que se requiere una reforma fiscal integral.<\/p>\n\n\n\n<p>El FMI se\u00f1al\u00f3 que el crecimiento de la segunda mayor econom\u00eda de Am\u00e9rica Latina se ralentizar\u00e1 el pr\u00f3ximo a\u00f1o, cuando la inflaci\u00f3n tambi\u00e9n se acercar\u00e1 al objetivo del banco central de 3 por ciento.<\/p>\n\n\n\n<p>\u201cSe espera que la continua restricci\u00f3n monetaria y la desaceleraci\u00f3n de la actividad reduzcan la inflaci\u00f3n al objetivo de 3 por ciento en 2025, pero los riesgos de que aumente el ritmo de la subida de precios se mantienen al alza.\u201d<\/p>\n\n\n\n<p>Advirtieron que un crecimiento econ\u00f3mico m\u00e1s d\u00e9bil de lo esperado en Estados Unidos, el aumento de la aversi\u00f3n al riesgo mundial y los efectos imprevistos de las recientes reformas podr\u00edan pesar sobre la producci\u00f3n de M\u00e9xico.<\/p>\n\n\n\n<p>Los expertos recomendaron al gobierno de la presidenta Claudia Sheinbaum realizar una \u201creforma fiscal integral\u201d, focalizar el gasto p\u00fablico y reducir las desigualdades en el sistema de pensiones.<\/p>\n\n\n\n<p>\u201cSe necesita una estrategia fiscal a mediano plazo para reducir el d\u00e9ficit y la deuda.\u201d<\/p>\n\n\n\n<p>Destacaron que el gasto p\u00fablico en pensiones ha aumentado 0.6 por ciento del producto interno bruto (PIB) en los \u00faltimos tres a\u00f1os. Adem\u00e1s consideran prioritario abordar \u201clos desequilibrios\u201d entre el presupuesto federal y Pemex y \u201cmejorar la gobernanza corporativa\u201d de esta \u00faltima.<\/p>\n\n\n\n<p>Existe el riesgo de que el apoyo adicional a Pemex y\/o un gasto en proyectos de infraestructura mayor al esperado \u201cpuedan llevar a un modesto desbordamiento fiscal a fin de a\u00f1o\u201d, alertaron, al tiempo de informar que el apoyo del gobierno a Pemex ha costado uno por ciento del PIB en 2024.<\/p>\n\n\n\n<p>(Informaci\u00f3n de \u201cLa Jornada\u201d)<\/p>\n","protected":false},"excerpt":{"rendered":"<p>Redacci\u00f3n\/Zona Roja Cdmx. Ciudad de M\u00e9xico, a 18 de octubre de 2024.- La reforma al&hellip;<\/p>\n","protected":false},"author":2,"featured_media":73585,"comment_status":"closed","ping_status":"open","sticky":false,"template":"","format":"standard","meta":{"_lmt_disableupdate":"","_lmt_disable":"","_jetpack_memberships_contains_paid_content":false,"footnotes":""},"categories":[109,47],"tags":[4027],"class_list":["post-73584","post","type-post","status-publish","format-standard","has-post-thumbnail","hentry","category-minuto-a-minuto","category-zona-gris","tag-reforma-al-poder-judicial"],"jetpack_featured_media_url":"https:\/\/zonaroja.com.mx\/wp-content\/uploads\/2024\/10\/FMI-Fondo-Monetario-I.jpg","jetpack_sharing_enabled":true,"_links":{"self":[{"href":"https:\/\/zonaroja.com.mx\/index.php?rest_route=\/wp\/v2\/posts\/73584","targetHints":{"allow":["GET"]}}],"collection":[{"href":"https:\/\/zonaroja.com.mx\/index.php?rest_route=\/wp\/v2\/posts"}],"about":[{"href":"https:\/\/zonaroja.com.mx\/index.php?rest_route=\/wp\/v2\/types\/post"}],"author":[{"embeddable":true,"href":"https:\/\/zonaroja.com.mx\/index.php?rest_route=\/wp\/v2\/users\/2"}],"replies":[{"embeddable":true,"href":"https:\/\/zonaroja.com.mx\/index.php?rest_route=%2Fwp%2Fv2%2Fcomments&post=73584"}],"version-history":[{"count":1,"href":"https:\/\/zonaroja.com.mx\/index.php?rest_route=\/wp\/v2\/posts\/73584\/revisions"}],"predecessor-version":[{"id":73586,"href":"https:\/\/zonaroja.com.mx\/index.php?rest_route=\/wp\/v2\/posts\/73584\/revisions\/73586"}],"wp:featuredmedia":[{"embeddable":true,"href":"https:\/\/zonaroja.com.mx\/index.php?rest_route=\/wp\/v2\/media\/73585"}],"wp:attachment":[{"href":"https:\/\/zonaroja.com.mx\/index.php?rest_route=%2Fwp%2Fv2%2Fmedia&parent=73584"}],"wp:term":[{"taxonomy":"category","embeddable":true,"href":"https:\/\/zonaroja.com.mx\/index.php?rest_route=%2Fwp%2Fv2%2Fcategories&post=73584"},{"taxonomy":"post_tag","embeddable":true,"href":"https:\/\/zonaroja.com.mx\/index.php?rest_route=%2Fwp%2Fv2%2Ftags&post=73584"}],"curies":[{"name":"wp","href":"https:\/\/api.w.org\/{rel}","templated":true}]}}