{"id":73587,"date":"2024-10-18T19:31:38","date_gmt":"2024-10-19T01:31:38","guid":{"rendered":"https:\/\/zonaroja.com.mx\/?p=73587"},"modified":"2024-10-18T19:31:40","modified_gmt":"2024-10-19T01:31:40","slug":"registran-las-ong-655-desapariciones-de-mujeres-y-195-feminicidios","status":"publish","type":"post","link":"https:\/\/zonaroja.com.mx\/?p=73587","title":{"rendered":"Registran las ONG 655 desapariciones de mujeres y 195 feminicidios"},"content":{"rendered":"\n<p>Raymundo Morales\/Zona Roja.<\/p>\n\n\n\n<p>Oaxaca de Ju\u00e1rez, Oax., a 18 de octubre de 2024.- Organismos de la sociedad civil han documentado en Oaxaca 655 desapariciones de mujeres y 195 v\u00edctimas de feminicidio, en el transcurso del actual sexenio.<\/p>\n\n\n\n<p>As\u00ed lo dieron a conocer en el marco de la clausura del \u201cEncuentro regional de defensoras. Bordando resiliencias desde el Sur\u201d, efectuado los d\u00edas 10, 11 y 12 de octubre y convocado por Consorcio Oaxaca, CIMAC, la Red Estatal de Mujeres defensoras,&nbsp;Activistas y&nbsp;Periodistas de Oaxaca, la Red Nacional de Mujeres Defensoras de&nbsp;Derechos Humanos en M\u00e9xico y&nbsp;la Iniciativa Mesoamericana de Mujeres Defensoras de Derechos Humanos.&nbsp;<\/p>\n\n\n\n<p>Precisaron adem\u00e1s que persiste la desatenci\u00f3n a las v\u00edctimas de hechos ocurridos en sexenios anteriores y que siguen en total impunidad.&nbsp;<\/p>\n\n\n\n<p>As\u00ed tambi\u00e9n, la instalaci\u00f3n de proyectos e\u00f3licos desde hace poco m\u00e1s de dos d\u00e9cadas y ahora con la ejecuci\u00f3n de megaproyectos como el corredor trans\u00edstmico,&nbsp;contribuyen a la reconfiguraci\u00f3n del territorio mexicano, el cl\u00faster industrial, con efectos colaterales como&nbsp;una mayor militarizaci\u00f3n, especialmente en la regi\u00f3n del Istmo de Tehuantepec, con los riesgos impl\u00edcitos de violencia contra las mujeres y la criminalizaci\u00f3n a las y los defensores de la tierra y el territorio.&nbsp;<\/p>\n\n\n\n<p>\u201cEn el territorio de Oaxaca enfrentamos tambi\u00e9n dram\u00e1ticas crisis en el \u00e1mbito ambiental provocadas por la incapacidad de gesti\u00f3n y falta de pol\u00edtica p\u00fablica eficaz que se traduce en el desabasto y racionalizaci\u00f3n del&nbsp;agua, y crisis de manejo de la basura entre otros\u201d, se\u00f1alaron.<\/p>\n\n\n\n<p>Las defensoras y periodistas del sur reconocieron la diversidad y complejidad de cada uno de los contextos, as\u00ed como los desaf\u00edos comunes que atraviesan, entre los que los m\u00e1s apremiantes son la criminalizaci\u00f3n de su labor.<\/p>\n\n\n\n<p>Tambi\u00e9n la exacerbaci\u00f3n de la violencia en contra de las mujeres y en particular en contra de las mujeres defensoras, la infiltraci\u00f3n de la delincuencia organizada y la imposici\u00f3n de pol\u00edticas de extractivismo, muerte y despojo que implican la reconfiguraci\u00f3n del territorio sur-sureste a trav\u00e9s de los proyectos del Tren y Corredor Interoce\u00e1nico.<\/p>\n\n\n\n<p>En ese marco, se pronunciaron por la presentaci\u00f3n con vida de la defensora de derechos humanos, Ayuujk Sandra Dom\u00ednguez Mart\u00ednez, quien fue desaparecida desde el 4 de octubre de 2024 sin que hasta el momento se haya dado con su paradero.&nbsp;<\/p>\n\n\n\n<p>Tambi\u00e9n, que la Presidenta de la Rep\u00fablica vuelva a tender puentes de di\u00e1logo y concertaci\u00f3n con las mujeres defensoras y periodistas del sur, como una acci\u00f3n urgente para sumar esfuerzos a favor de la agenda de los derechos humanos lo que incluye la protecci\u00f3n integral de las mujeres defensoras y periodistas.&nbsp;<\/p>\n\n\n\n<p>Que se garantice plenamente la autonom\u00eda de los pueblos ind\u00edgenas, la defensa de los bienes comunes como prioridad y agenda nacional de los movimientos sociales.<\/p>\n\n\n\n<p>Hicieron un llamado a la unidad de los diversos referentes sociales, feministas, ind\u00edgenas para caminar juntos de cara a fortalecer la defensa de los derechos humanos como una agenda \u00fanica.<\/p>\n","protected":false},"excerpt":{"rendered":"<p>Raymundo Morales\/Zona Roja. Oaxaca de Ju\u00e1rez, Oax., a 18 de octubre de 2024.- Organismos de&hellip;<\/p>\n","protected":false},"author":2,"featured_media":73545,"comment_status":"closed","ping_status":"open","sticky":false,"template":"","format":"standard","meta":{"_lmt_disableupdate":"","_lmt_disable":"","_jetpack_memberships_contains_paid_content":false,"footnotes":""},"categories":[109,46],"tags":[],"class_list":["post-73587","post","type-post","status-publish","format-standard","has-post-thumbnail","hentry","category-minuto-a-minuto","category-zona-blanca"],"jetpack_featured_media_url":"https:\/\/zonaroja.com.mx\/wp-content\/uploads\/2024\/10\/Violencia-mujeres-feminicidio.jpg","jetpack_sharing_enabled":true,"_links":{"self":[{"href":"https:\/\/zonaroja.com.mx\/index.php?rest_route=\/wp\/v2\/posts\/73587","targetHints":{"allow":["GET"]}}],"collection":[{"href":"https:\/\/zonaroja.com.mx\/index.php?rest_route=\/wp\/v2\/posts"}],"about":[{"href":"https:\/\/zonaroja.com.mx\/index.php?rest_route=\/wp\/v2\/types\/post"}],"author":[{"embeddable":true,"href":"https:\/\/zonaroja.com.mx\/index.php?rest_route=\/wp\/v2\/users\/2"}],"replies":[{"embeddable":true,"href":"https:\/\/zonaroja.com.mx\/index.php?rest_route=%2Fwp%2Fv2%2Fcomments&post=73587"}],"version-history":[{"count":1,"href":"https:\/\/zonaroja.com.mx\/index.php?rest_route=\/wp\/v2\/posts\/73587\/revisions"}],"predecessor-version":[{"id":73588,"href":"https:\/\/zonaroja.com.mx\/index.php?rest_route=\/wp\/v2\/posts\/73587\/revisions\/73588"}],"wp:featuredmedia":[{"embeddable":true,"href":"https:\/\/zonaroja.com.mx\/index.php?rest_route=\/wp\/v2\/media\/73545"}],"wp:attachment":[{"href":"https:\/\/zonaroja.com.mx\/index.php?rest_route=%2Fwp%2Fv2%2Fmedia&parent=73587"}],"wp:term":[{"taxonomy":"category","embeddable":true,"href":"https:\/\/zonaroja.com.mx\/index.php?rest_route=%2Fwp%2Fv2%2Fcategories&post=73587"},{"taxonomy":"post_tag","embeddable":true,"href":"https:\/\/zonaroja.com.mx\/index.php?rest_route=%2Fwp%2Fv2%2Ftags&post=73587"}],"curies":[{"name":"wp","href":"https:\/\/api.w.org\/{rel}","templated":true}]}}