{"id":73593,"date":"2024-10-19T07:50:00","date_gmt":"2024-10-19T13:50:00","guid":{"rendered":"https:\/\/zonaroja.com.mx\/?p=73593"},"modified":"2024-10-19T07:14:26","modified_gmt":"2024-10-19T13:14:26","slug":"que-siempre-si-mantendran-paro-en-el-poder-judicial-federal","status":"publish","type":"post","link":"https:\/\/zonaroja.com.mx\/?p=73593","title":{"rendered":"Que siempre s\u00ed mantendr\u00e1n paro en el Poder Judicial federal"},"content":{"rendered":"\n<p>Redacci\u00f3n\/Zona Roja Cdmx.<\/p>\n\n\n\n<p>Ciudad de M\u00e9xico, a 19 de octubre de 2024.- La Asociaci\u00f3n Nacional de Magistrados de Circuito y Jueces de Distrito del Poder Judicial de la Federaci\u00f3n (Jufed) inform\u00f3 que por mayor\u00eda de votos, jueces y magistrados determinaron que se mantendr\u00e1 la suspensi\u00f3n parcial de labores en juzgados y tribunales de todo el pa\u00eds.<\/p>\n\n\n\n<p>Las dependencias continuar\u00e1n con la atenci\u00f3n exclusiva de casos urgentes, en apego a la responsabilidad de garantizar acceso a la justicia, se inform\u00f3 en un comunicado.<\/p>\n\n\n\n<p>Un total de 809 personas juzgadoras votaron por continuar con la suspensi\u00f3n parcial de labores, mientras que 497 jueces y magistrados se mostraron favor de retomar las actividades el pr\u00f3ximo 21 de octubre.<\/p>\n\n\n\n<p>El paro se mantendr\u00e1 en rechazo de las acciones en el Senado y el Consejo de la Judicatura Federal (CJF) para realizar la elecci\u00f3n de juzgadores en 2025.<\/p>\n\n\n\n<p>\u201cEsta decisi\u00f3n refleja la unidad de las personas juzgadoras con el movimiento del personal jurisdiccional y constituye un rechazo en\u00e9rgico y contundente a las aciones recientes realizadas por el Senado de la Rep\u00fablica\u201d, se informa en el comunicado.<\/p>\n\n\n\n<p>Jueces y magistrados manifestaron&nbsp;su desacuerdo por el incumplimiento de las determinaciones judiciales de suspensi\u00f3n dictadas por jueces federales en los juicios de amparo para impugnar reforma judicial.<\/p>\n\n\n\n<p>\u201cEn este sentido, las personas juzgadoras reiteran su compromiso inquebrantable con la defensa de la autonom\u00eda judicial, pilar de cualquier sociedad democr\u00e1tica\u201d, expresa la asociaci\u00f3n.<\/p>\n\n\n\n<p>Finalmente, afirmaron que su movimiento no defiende privilegios, sino derechos humanos de las personas juzgadoras.<\/p>\n\n\n\n<p>(Con informaci\u00f3n de L\u00f3pez-D\u00f3riga Digital)<\/p>\n","protected":false},"excerpt":{"rendered":"<p>Redacci\u00f3n\/Zona Roja Cdmx. Ciudad de M\u00e9xico, a 19 de octubre de 2024.- La Asociaci\u00f3n Nacional&hellip;<\/p>\n","protected":false},"author":2,"featured_media":73596,"comment_status":"closed","ping_status":"open","sticky":false,"template":"","format":"standard","meta":{"_lmt_disableupdate":"","_lmt_disable":"","_jetpack_memberships_contains_paid_content":false,"footnotes":""},"categories":[109,47],"tags":[4033],"class_list":["post-73593","post","type-post","status-publish","format-standard","has-post-thumbnail","hentry","category-minuto-a-minuto","category-zona-gris","tag-paro-poder-judicial-de-la-federacion"],"jetpack_featured_media_url":"https:\/\/zonaroja.com.mx\/wp-content\/uploads\/2024\/10\/Protesta-Poder-judicial-federal-Oaxaca.jpg","jetpack_sharing_enabled":true,"_links":{"self":[{"href":"https:\/\/zonaroja.com.mx\/index.php?rest_route=\/wp\/v2\/posts\/73593","targetHints":{"allow":["GET"]}}],"collection":[{"href":"https:\/\/zonaroja.com.mx\/index.php?rest_route=\/wp\/v2\/posts"}],"about":[{"href":"https:\/\/zonaroja.com.mx\/index.php?rest_route=\/wp\/v2\/types\/post"}],"author":[{"embeddable":true,"href":"https:\/\/zonaroja.com.mx\/index.php?rest_route=\/wp\/v2\/users\/2"}],"replies":[{"embeddable":true,"href":"https:\/\/zonaroja.com.mx\/index.php?rest_route=%2Fwp%2Fv2%2Fcomments&post=73593"}],"version-history":[{"count":1,"href":"https:\/\/zonaroja.com.mx\/index.php?rest_route=\/wp\/v2\/posts\/73593\/revisions"}],"predecessor-version":[{"id":73597,"href":"https:\/\/zonaroja.com.mx\/index.php?rest_route=\/wp\/v2\/posts\/73593\/revisions\/73597"}],"wp:featuredmedia":[{"embeddable":true,"href":"https:\/\/zonaroja.com.mx\/index.php?rest_route=\/wp\/v2\/media\/73596"}],"wp:attachment":[{"href":"https:\/\/zonaroja.com.mx\/index.php?rest_route=%2Fwp%2Fv2%2Fmedia&parent=73593"}],"wp:term":[{"taxonomy":"category","embeddable":true,"href":"https:\/\/zonaroja.com.mx\/index.php?rest_route=%2Fwp%2Fv2%2Fcategories&post=73593"},{"taxonomy":"post_tag","embeddable":true,"href":"https:\/\/zonaroja.com.mx\/index.php?rest_route=%2Fwp%2Fv2%2Ftags&post=73593"}],"curies":[{"name":"wp","href":"https:\/\/api.w.org\/{rel}","templated":true}]}}