{"id":73601,"date":"2024-10-19T10:00:00","date_gmt":"2024-10-19T16:00:00","guid":{"rendered":"https:\/\/zonaroja.com.mx\/?p=73601"},"modified":"2024-10-19T07:34:53","modified_gmt":"2024-10-19T13:34:53","slug":"condenan-a-un-individuo-que-violento-a-su-pareja-en-matias-romero","status":"publish","type":"post","link":"https:\/\/zonaroja.com.mx\/?p=73601","title":{"rendered":"Condenan a un individuo que violent\u00f3 a su pareja en Mat\u00edas Romero"},"content":{"rendered":"\n<p>Redacci\u00f3n\/Zona Roja.&nbsp;<\/p>\n\n\n\n<p>Oaxaca de Ju\u00e1rez, Oax., a 19 de octubre de 2024.- Como parte de las acciones realizadas para procurar justicia a las mujeres v\u00edctimas directas e indirectas de delitos por raz\u00f3n de g\u00e9nero, la Fiscal\u00eda General del Estado de Oaxaca (FGEO) obtuvo un fallo condenatorio contra una persona del sexo masculino identificada como R. F. R., por el delito de Violencia Familiar, ocurrido en la regi\u00f3n del Istmo de Tehuantepec.<\/p>\n\n\n\n<p>De acuerdo con la causa penal del caso, los hechos ocurrieron la noche del 17 de febrero de 2023, cuando la v\u00edctima -identificada como C.G.M.- se encontraba al interior de su domicilio ubicado en la colonia Barrio Ju\u00e1rez Sur, del municipio de Mat\u00edas Romero, lugar donde el responsable la agredi\u00f3 f\u00edsicamente, sin embargo, tras la intervenci\u00f3n de uno de sus familiares, logr\u00f3 ponerse a salvo.<\/p>\n\n\n\n<p>Una vez que la FGEO tom\u00f3 conocimiento del caso, inici\u00f3 las investigaciones a trav\u00e9s de la Vicefiscal\u00eda Regional del Istmo, las cuales permitieron obtener una orden de aprehensi\u00f3n contra el imputado y con ello, llevarlo ante el Juez que lo requiri\u00f3.<\/p>\n\n\n\n<p>Tras el desahogo de pruebas presentadas por la FGEO, el Juez que atiende la causa dict\u00f3 fallo condenatorio contra R.F.R., por el delito de Violencia Familiar, a reserva de que se efect\u00fae la audiencia para la individualizaci\u00f3n de la pena y definir la reparaci\u00f3n del da\u00f1o.<\/p>\n\n\n\n<p>OTRO VIOLENTADOR<\/p>\n\n\n\n<p>Por otra parte, la Fiscal\u00eda General obtuvo la vinculaci\u00f3n a proceso de una persona del sexo masculino identificada como M. A. M., por el delito de Violencia Familiar en su modalidad f\u00edsica y psicoemocional, hechos ocurridos en los Valles Centrales.<\/p>\n\n\n\n<p>De acuerdo con la carpeta de investigaci\u00f3n, los hechos m\u00e1s recientes ocurrieron el 22 de septiembre de 2024, en un local comercial ubicado en inmediaciones de la Central de Abasto de la ciudad de Oaxaca, lugar donde se encontraba la v\u00edctima identificada como E.A.C., a quien agredieron de manera verbal y f\u00edsica, poniendo su integridad f\u00edsica en peligro y causando una afectaci\u00f3n psicol\u00f3gica consistente en un trastorno adaptativo con estado \u00e1nimo deprimido.&nbsp;<\/p>\n\n\n\n<p>Tras estos hechos, el imputado fue detenido por elementos policiales que se encontraban cerca del lugar, al ser se\u00f1alado como la persona que ejerci\u00f3 violencia en contra de su expareja, por lo que fue puesto a disposici\u00f3n del ministerio p\u00fablico.<\/p>\n\n\n\n<p>La investigaci\u00f3n tambi\u00e9n revela que, en reiteradas ocasiones la v\u00edctima sufri\u00f3 violencia f\u00edsica y psicoemocional durante el desarrollo de su relaci\u00f3n cuando viv\u00eda en concubinato con M. A. M., en un domicilio ubicado en el municipio de San Antonio de la Cal.<\/p>\n\n\n\n<p>Ante estos hechos, la FGEO inici\u00f3 las investigaciones correspondientes a trav\u00e9s de la Fiscal\u00eda Especializada para la Atenci\u00f3n de Delitos contra la Mujer por Raz\u00f3n de G\u00e9nero, logrando reunir los datos de prueba pertinentes para acreditar el delito ante un Juez de Control.<\/p>\n\n\n\n<p>Tras la presentaci\u00f3n de dichos argumentos, la autoridad judicial calific\u00f3 como legal la detenci\u00f3n y consider\u00f3 que existen suficientes indicios para continuar con el proceso penal en contra del acusado por el delito de violencia familiar en su modalidad f\u00edsica y psicoemocional, por lo que dict\u00f3 auto de vinculaci\u00f3n a proceso e impuso la medida cautelar de prisi\u00f3n preventiva justificada, adem\u00e1s de otorgar un mes para el cierre de la investigaci\u00f3n complementaria.<\/p>\n","protected":false},"excerpt":{"rendered":"<p>Redacci\u00f3n\/Zona Roja.&nbsp; Oaxaca de Ju\u00e1rez, Oax., a 19 de octubre de 2024.- Como parte de&hellip;<\/p>\n","protected":false},"author":2,"featured_media":68180,"comment_status":"closed","ping_status":"open","sticky":false,"template":"","format":"standard","meta":{"_lmt_disableupdate":"","_lmt_disable":"","_jetpack_memberships_contains_paid_content":false,"footnotes":""},"categories":[109,46],"tags":[494],"class_list":["post-73601","post","type-post","status-publish","format-standard","has-post-thumbnail","hentry","category-minuto-a-minuto","category-zona-blanca","tag-fiscalia-general-del-estado-de-oaxaca"],"jetpack_featured_media_url":"https:\/\/zonaroja.com.mx\/wp-content\/uploads\/2024\/05\/Agresion-a-mujer-violencia-.jpg","jetpack_sharing_enabled":true,"_links":{"self":[{"href":"https:\/\/zonaroja.com.mx\/index.php?rest_route=\/wp\/v2\/posts\/73601","targetHints":{"allow":["GET"]}}],"collection":[{"href":"https:\/\/zonaroja.com.mx\/index.php?rest_route=\/wp\/v2\/posts"}],"about":[{"href":"https:\/\/zonaroja.com.mx\/index.php?rest_route=\/wp\/v2\/types\/post"}],"author":[{"embeddable":true,"href":"https:\/\/zonaroja.com.mx\/index.php?rest_route=\/wp\/v2\/users\/2"}],"replies":[{"embeddable":true,"href":"https:\/\/zonaroja.com.mx\/index.php?rest_route=%2Fwp%2Fv2%2Fcomments&post=73601"}],"version-history":[{"count":1,"href":"https:\/\/zonaroja.com.mx\/index.php?rest_route=\/wp\/v2\/posts\/73601\/revisions"}],"predecessor-version":[{"id":73602,"href":"https:\/\/zonaroja.com.mx\/index.php?rest_route=\/wp\/v2\/posts\/73601\/revisions\/73602"}],"wp:featuredmedia":[{"embeddable":true,"href":"https:\/\/zonaroja.com.mx\/index.php?rest_route=\/wp\/v2\/media\/68180"}],"wp:attachment":[{"href":"https:\/\/zonaroja.com.mx\/index.php?rest_route=%2Fwp%2Fv2%2Fmedia&parent=73601"}],"wp:term":[{"taxonomy":"category","embeddable":true,"href":"https:\/\/zonaroja.com.mx\/index.php?rest_route=%2Fwp%2Fv2%2Fcategories&post=73601"},{"taxonomy":"post_tag","embeddable":true,"href":"https:\/\/zonaroja.com.mx\/index.php?rest_route=%2Fwp%2Fv2%2Ftags&post=73601"}],"curies":[{"name":"wp","href":"https:\/\/api.w.org\/{rel}","templated":true}]}}