{"id":73605,"date":"2024-10-19T11:41:00","date_gmt":"2024-10-19T17:41:00","guid":{"rendered":"https:\/\/zonaroja.com.mx\/?p=73605"},"modified":"2024-10-19T07:48:02","modified_gmt":"2024-10-19T13:48:02","slug":"en-sexenio-de-amlo-graves-amenazas-contra-la-prensa-sip","status":"publish","type":"post","link":"https:\/\/zonaroja.com.mx\/?p=73605","title":{"rendered":"En sexenio de AMLO, \u201cgraves amenazas\u201d contra la prensa: SIP"},"content":{"rendered":"\n<p>Redacci\u00f3n\/Zona Roja Cdmx.<\/p>\n\n\n\n<p>Ciudad de M\u00e9xico, a 19 de octubre de 2024.- La Sociedad Interamericana de Prensa (SIP) emiti\u00f3 un informe sobre la situaci\u00f3n del sector en M\u00e9xico en el que identific\u00f3 como \u201camenaza grave\u201d las agresiones del expresidente Andr\u00e9s Manuel L\u00f3pez Obrador (2018-2024) a los medios de comunicaci\u00f3n y conden\u00f3 el asesinato de hasta tres periodistas en el pa\u00eds en el \u00faltimo a\u00f1o.<\/p>\n\n\n\n<p>\u201cComo amenazas graves, tambi\u00e9n se destacan las continuas agresiones provenientes del Gobierno del presidente saliente Andr\u00e9s Manuel L\u00f3pez Obrador, en especial a trav\u00e9s de sus discursos diarios\u201d, reflej\u00f3 la SIP en su informe, que est\u00e1n todav\u00eda pendientes de aprobaci\u00f3n.<\/p>\n\n\n\n<p>Las cr\u00edticas al exmandatario persisten durante todo el documento, especialmente por sus actuaciones en las conferencias matutinas que ofrec\u00eda diariamente, sesiones que la nueva presidenta, Claudia Sheinbaum, ha decidido mantener.<\/p>\n\n\n\n<p>\u201cEl presidente continu\u00f3 agrediendo a los periodistas cr\u00edticos de su administraci\u00f3n. Repudi\u00f3 el papel de los medios tradicionales y de sus due\u00f1os, a quienes calific\u00f3 de \u2018corruptos, potentados y machuchones\u2019. Se congratul\u00f3 del segmento en sus ma\u00f1aneras, \u2018Qui\u00e9n es qui\u00e9n en las mentiras\u2019, al que consider\u00f3 una herramienta para informar y sensibilizar al pueblo\u201d, denunci\u00f3 la SIP.<\/p>\n\n\n\n<p>La organizaci\u00f3n destac\u00f3 negativamente los ataques p\u00fablicos del expresidente a comunicadores y al medio Televisa, al que atribuy\u00f3 chantajes millonarios.<\/p>\n\n\n\n<p>\u201cEl 29 de agosto, sin presentar pruebas y violando el secreto de los datos personales, el presidente detall\u00f3 supuestos sueldos de periodistas cr\u00edticos de su administraci\u00f3n, como Jorge Ramos en EE. UU., Le\u00f3n Krauze, Ciro G\u00f3mez Leyva, Carlos Loret de Mola y Joaqu\u00edn L\u00f3pez D\u00f3riga\u201c, insisti\u00f3 en su cr\u00edtica el consorcio.<\/p>\n\n\n\n<p>PERIODISTAS ASESINADOS<\/p>\n\n\n\n<p>El informe, presentado con motivo de la asamblea anual de la SIP en C\u00f3rdoba, Argentina, pone adem\u00e1s la lupa en el asesinato de tres periodistas durante 2024.<\/p>\n\n\n\n<p>El primero fue Roberto Figueroa, director de \u2018Ac\u00e1 en el Show\u2019, asesinado el 26 de abril en Morelos, y le sigui\u00f3 V\u00edctor Alfonso Culebro, editor del portal \u2018Realidades\u2019, encontrado sin vida el 28 de junio en Chiapas.<\/p>\n\n\n\n<p>La lista la completa Alejandro Mart\u00ednez Noguez, conocido como \u2018El Hijo del Llanero Solititito\u2019, quien muri\u00f3 el 4 de agosto tras un ataque armado contra la patrulla policia que lo custodiaba en Villagr\u00e1n, Guanajuato (centro).<\/p>\n\n\n\n<p>Asimismo se denuncian hasta cinco ataques armados a periodistas durante este \u00faltimo a\u00f1o en diferentes entidades del pa\u00eds.<\/p>\n\n\n\n<p>\u201cSolo 18 de 162 casos de periodistas asesinados desde 1997 a la fecha fueron resueltos. Seg\u00fan el Observatorio de Periodistas Asesinados de la UNESCO, existen procesos abiertos por 103 casos\u201d, detall\u00f3 la organizaci\u00f3n.<\/p>\n\n\n\n<p>Resalt\u00f3, a su vez, una informaci\u00f3n de la organizaci\u00f3n civil Art\u00edculo 19, que document\u00f3 3 mil 408 agresiones contra la prensa, 46 asesinatos y 4 desapariciones entre el 1 de diciembre de 2018 y el 31 de marzo de 2024, durante la gesti\u00f3n de L\u00f3pez Obrador.<\/p>\n\n\n\n<p>(Con informaci\u00f3n de EFE, en L\u00f3pez-D\u00f3riga Digital)<\/p>\n","protected":false},"excerpt":{"rendered":"<p>Redacci\u00f3n\/Zona Roja Cdmx. Ciudad de M\u00e9xico, a 19 de octubre de 2024.- La Sociedad Interamericana&hellip;<\/p>\n","protected":false},"author":2,"featured_media":73607,"comment_status":"closed","ping_status":"open","sticky":false,"template":"","format":"standard","meta":{"_lmt_disableupdate":"","_lmt_disable":"","_jetpack_memberships_contains_paid_content":false,"footnotes":""},"categories":[109,47],"tags":[827],"class_list":["post-73605","post","type-post","status-publish","format-standard","has-post-thumbnail","hentry","category-minuto-a-minuto","category-zona-gris","tag-sociedad-interamericana-de-prensa"],"jetpack_featured_media_url":"https:\/\/zonaroja.com.mx\/wp-content\/uploads\/2024\/10\/Lopez-Obrador-y-la-prensa-.jpg","jetpack_sharing_enabled":true,"_links":{"self":[{"href":"https:\/\/zonaroja.com.mx\/index.php?rest_route=\/wp\/v2\/posts\/73605","targetHints":{"allow":["GET"]}}],"collection":[{"href":"https:\/\/zonaroja.com.mx\/index.php?rest_route=\/wp\/v2\/posts"}],"about":[{"href":"https:\/\/zonaroja.com.mx\/index.php?rest_route=\/wp\/v2\/types\/post"}],"author":[{"embeddable":true,"href":"https:\/\/zonaroja.com.mx\/index.php?rest_route=\/wp\/v2\/users\/2"}],"replies":[{"embeddable":true,"href":"https:\/\/zonaroja.com.mx\/index.php?rest_route=%2Fwp%2Fv2%2Fcomments&post=73605"}],"version-history":[{"count":1,"href":"https:\/\/zonaroja.com.mx\/index.php?rest_route=\/wp\/v2\/posts\/73605\/revisions"}],"predecessor-version":[{"id":73608,"href":"https:\/\/zonaroja.com.mx\/index.php?rest_route=\/wp\/v2\/posts\/73605\/revisions\/73608"}],"wp:featuredmedia":[{"embeddable":true,"href":"https:\/\/zonaroja.com.mx\/index.php?rest_route=\/wp\/v2\/media\/73607"}],"wp:attachment":[{"href":"https:\/\/zonaroja.com.mx\/index.php?rest_route=%2Fwp%2Fv2%2Fmedia&parent=73605"}],"wp:term":[{"taxonomy":"category","embeddable":true,"href":"https:\/\/zonaroja.com.mx\/index.php?rest_route=%2Fwp%2Fv2%2Fcategories&post=73605"},{"taxonomy":"post_tag","embeddable":true,"href":"https:\/\/zonaroja.com.mx\/index.php?rest_route=%2Fwp%2Fv2%2Ftags&post=73605"}],"curies":[{"name":"wp","href":"https:\/\/api.w.org\/{rel}","templated":true}]}}