{"id":73609,"date":"2024-10-19T12:00:00","date_gmt":"2024-10-19T18:00:00","guid":{"rendered":"https:\/\/zonaroja.com.mx\/?p=73609"},"modified":"2024-10-19T07:52:15","modified_gmt":"2024-10-19T13:52:15","slug":"codigo-dh-y-lukas-avendano-presentan-ensayo-nadie-ninguno-y-tu-quien-eres","status":"publish","type":"post","link":"https:\/\/zonaroja.com.mx\/?p=73609","title":{"rendered":"Codigo-DH y Lukas Avenda\u00f1o presentan ensayo \u201cNadie, ninguno y t\u00fa \u00bfqui\u00e9n eres?\u201d"},"content":{"rendered":"\n<p>Redacci\u00f3n\/Zona Roja.<\/p>\n\n\n\n<p>Oaxaca de Ju\u00e1rez, Oax., a 19 de octubre de 2024.-\u00a0La noche de este jueves, bajo la luna llena de octubre, el Comit\u00e9 de Defensa Integral de Derechos Humanos Gobixha A.C. (Codigo-DH) y el destacado artista y activista Lukas Avenda\u00f1o presentaron el ensayo \u201cNadie, ninguno y t\u00fa \u00bfqui\u00e9n eres?\u201d en el Centro Fotogr\u00e1fico \u201cManuel \u00c1lvarez Bravo\u201d, en la ciudad de Oaxaca.<\/p>\n\n\n\n<p>Lukas Avenda\u00f1o, autor del ensayo, ofreci\u00f3 una lectura en la que comparti\u00f3 su experiencia y vivencia como artista en el Istmo de Tehuantepec.&nbsp;<\/p>\n\n\n\n<p>Desde una mirada profundamente arraigada en la cultura del Istmo, mostr\u00f3 c\u00f3mo el arte puede ser una herramienta poderosa para defender los derechos humanos, alzar la voz frente a las violencias, y generar reflexi\u00f3n sobre las desigualdades e injusticias que atraviesan a todas las comunidades de la regi\u00f3n.<\/p>\n\n\n\n<p>\u201cSiento que lo que hago no es nada extraordinario, solo hago lo que me toca hacer\u201d, coment\u00f3 Avenda\u00f1o a las y los asistentes.&nbsp;<\/p>\n\n\n\n<p>A lo largo de la presentaci\u00f3n, el p\u00fablico pudo conocer m\u00e1s de cerca la lucha del artista y activista, tanto en la conservaci\u00f3n de su cultura e identidad, como en su b\u00fasqueda incansable por su hermano, Bruno Avenda\u00f1o, desaparecido el 10 de mayo de 2018.<\/p>\n\n\n\n<p>Este evento forma parte de la campa\u00f1a \u201cDEFIENDE, todas, todos y todes defendemos\u201d, impulsada por Codigo-DH para visibilizar la defensa de los derechos humanos en diversas expresiones. Durante la presentaci\u00f3n, se proyectaron los documentales \u201cLa utop\u00eda de las mariposas\u201d y \u201cTierra\u201d, que complementaron el ensayo de Avenda\u00f1o, destacando su labor como defensor de derechos humanos en el Istmo de Tehuantepec.<\/p>\n\n\n\n<p>Codigo-DH reiter\u00f3 su compromiso con la promoci\u00f3n y defensa de los derechos fundamentales a trav\u00e9s de todas las formas de expresi\u00f3n, reconociendo en Lukas Avenda\u00f1o a un defensor incansable de su tierra y cultura, que desde las artes esc\u00e9nicas lucha por garantizar los derechos de todas y todos.<\/p>\n","protected":false},"excerpt":{"rendered":"<p>Redacci\u00f3n\/Zona Roja. Oaxaca de Ju\u00e1rez, Oax., a 19 de octubre de 2024.-\u00a0La noche de este&hellip;<\/p>\n","protected":false},"author":2,"featured_media":73610,"comment_status":"closed","ping_status":"open","sticky":false,"template":"","format":"standard","meta":{"_lmt_disableupdate":"","_lmt_disable":"","_jetpack_memberships_contains_paid_content":false,"footnotes":""},"categories":[109,46],"tags":[247],"class_list":["post-73609","post","type-post","status-publish","format-standard","has-post-thumbnail","hentry","category-minuto-a-minuto","category-zona-blanca","tag-codigo-dh"],"jetpack_featured_media_url":"https:\/\/zonaroja.com.mx\/wp-content\/uploads\/2024\/10\/Lukas-Avendano-Codigo-DH.jpg","jetpack_sharing_enabled":true,"_links":{"self":[{"href":"https:\/\/zonaroja.com.mx\/index.php?rest_route=\/wp\/v2\/posts\/73609","targetHints":{"allow":["GET"]}}],"collection":[{"href":"https:\/\/zonaroja.com.mx\/index.php?rest_route=\/wp\/v2\/posts"}],"about":[{"href":"https:\/\/zonaroja.com.mx\/index.php?rest_route=\/wp\/v2\/types\/post"}],"author":[{"embeddable":true,"href":"https:\/\/zonaroja.com.mx\/index.php?rest_route=\/wp\/v2\/users\/2"}],"replies":[{"embeddable":true,"href":"https:\/\/zonaroja.com.mx\/index.php?rest_route=%2Fwp%2Fv2%2Fcomments&post=73609"}],"version-history":[{"count":1,"href":"https:\/\/zonaroja.com.mx\/index.php?rest_route=\/wp\/v2\/posts\/73609\/revisions"}],"predecessor-version":[{"id":73611,"href":"https:\/\/zonaroja.com.mx\/index.php?rest_route=\/wp\/v2\/posts\/73609\/revisions\/73611"}],"wp:featuredmedia":[{"embeddable":true,"href":"https:\/\/zonaroja.com.mx\/index.php?rest_route=\/wp\/v2\/media\/73610"}],"wp:attachment":[{"href":"https:\/\/zonaroja.com.mx\/index.php?rest_route=%2Fwp%2Fv2%2Fmedia&parent=73609"}],"wp:term":[{"taxonomy":"category","embeddable":true,"href":"https:\/\/zonaroja.com.mx\/index.php?rest_route=%2Fwp%2Fv2%2Fcategories&post=73609"},{"taxonomy":"post_tag","embeddable":true,"href":"https:\/\/zonaroja.com.mx\/index.php?rest_route=%2Fwp%2Fv2%2Ftags&post=73609"}],"curies":[{"name":"wp","href":"https:\/\/api.w.org\/{rel}","templated":true}]}}