{"id":73612,"date":"2024-10-19T13:52:00","date_gmt":"2024-10-19T19:52:00","guid":{"rendered":"https:\/\/zonaroja.com.mx\/?p=73612"},"modified":"2024-10-19T07:54:33","modified_gmt":"2024-10-19T13:54:33","slug":"un-tercio-de-la-poblacion-en-mexico-sin-poder-cubrir-canasta-alimentaria","status":"publish","type":"post","link":"https:\/\/zonaroja.com.mx\/?p=73612","title":{"rendered":"Un tercio de la poblaci\u00f3n en M\u00e9xico, sin poder cubrir canasta alimentaria"},"content":{"rendered":"\n<p>Redacci\u00f3n\/Zona Roja Cdmx.<\/p>\n\n\n\n<p>Ciudad de M\u00e9xico, a 19 de octubre de 2024.- En M\u00e9xico, m\u00e1s de un tercio de la poblaci\u00f3n no puede cubrir el costo de la canasta alimentaria con su ingreso laboral, siendo las mujeres y los trabajadores del sector informal los m\u00e1s afectados por esta situaci\u00f3n, se\u00f1al\u00f3 el Consejo Nacional de Evaluaci\u00f3n de la Pol\u00edtica de Desarrollo Social (Coneval).<\/p>\n\n\n\n<p>De acuerdo con la \u201cEvaluaci\u00f3n integral de la pol\u00edtica social vinculada al derecho al trabajo 2023-2024\u201d, publicada por el organismo aut\u00f3nomo, aunque los hogares afectados hicieran el uso de todo el ingreso laboral que perciben por realizar un trabajo, no est\u00e1 en sus posibilidades adquirir el grupo de productos que se consideran b\u00e1sicos para contar con una buena alimentaci\u00f3n.<\/p>\n\n\n\n<p>Lo anterior, seg\u00fan el Coneval, indica que este grupo de personas se encuentra en una situaci\u00f3n de pobreza laboral.<\/p>\n\n\n\n<p>Ante esta situaci\u00f3n, el organismo recomend\u00f3 continuar la implementaci\u00f3n de la pol\u00edtica del gobierno federal de recuperaci\u00f3n del poder adquisitivo mediante el incremento del salario m\u00ednimo, pero debe ser reforzada con un monitoreo y evaluaci\u00f3n constante, para identificar sus efectos positivos y negativos en indicadores laborales y econ\u00f3micos.<\/p>\n\n\n\n<p>Tambi\u00e9n consider\u00f3 necesario establecer bases para fomentar la negociaci\u00f3n colectiva y la vinculaci\u00f3n de los salarios contractuales con los aumentos en la productividad de las empresas, lo cual favorecer\u00eda las condiciones para incrementar el alcance de la pol\u00edtica salarial.<\/p>\n\n\n\n<p>Record\u00f3 que el documento \u201c100 pasos para la transformaci\u00f3n\u201d que present\u00f3 la presidenta Claudia Sheinbaum Pardo se reconoce que el salario m\u00ednimo general a\u00fan no es suficiente para cubrir las necesidades b\u00e1sicas familiares y que para alcanzar salarios dignos es necesario que estos sean suficientes no s\u00f3lo para adquirir la canasta alimentaria y no alimentaria, sino tambi\u00e9n para acceder a una vivienda digna, por lo que una de sus principales propuestas es que el salario m\u00ednimo a nivel nacional alcance en 2026 al menos dos veces la l\u00ednea de pobreza por ingresos urbana.<\/p>\n\n\n\n<p>Seg\u00fan estimaciones del Coneval, esto puede ayudar a que un salario m\u00ednimo sea suficiente para cubrir las necesidades m\u00e1s b\u00e1sicas de una familia mexicana.<\/p>\n\n\n\n<p>El organismo tambi\u00e9n consider\u00f3 que los mecanismos de protecci\u00f3n del ingreso ante la p\u00e9rdida del empleo son insuficientes, especialmente en contextos de informalidad laboral, ya que afectan a toda la poblaci\u00f3n econ\u00f3micamente activa.<\/p>\n\n\n\n<p>Ante ello, recomend\u00f3 crear un sistema integral de protecci\u00f3n al ingreso ante la p\u00e9rdida del empleo, el cual incluya un seguro de desempleo que provea un ingreso temporal a las personas trabajadoras que hayan perdido su empleo y est\u00e9n en b\u00fasqueda de otro.<\/p>\n\n\n\n<p>Anot\u00f3 que el seguro de desempleo debe ser flexible en su elegibilidad para considerar a personas trabajadoras formales e informales y a grupos vulnerables.<\/p>\n\n\n\n<p>Indic\u00f3 que el financiamiento de la prestaci\u00f3n no puede depender del sistema de ahorro para el retiro, ni de alguna otra retenci\u00f3n por prestaciones laborales, pues estos tienen objetivos claros de uso.<\/p>\n\n\n\n<p>(Informaci\u00f3n de \u201cLa Jornada\u201d)<\/p>\n","protected":false},"excerpt":{"rendered":"<p>Redacci\u00f3n\/Zona Roja Cdmx. Ciudad de M\u00e9xico, a 19 de octubre de 2024.- En M\u00e9xico, m\u00e1s&hellip;<\/p>\n","protected":false},"author":2,"featured_media":70265,"comment_status":"closed","ping_status":"open","sticky":false,"template":"","format":"standard","meta":{"_lmt_disableupdate":"","_lmt_disable":"","_jetpack_memberships_contains_paid_content":false,"footnotes":""},"categories":[109,47],"tags":[1863],"class_list":["post-73612","post","type-post","status-publish","format-standard","has-post-thumbnail","hentry","category-minuto-a-minuto","category-zona-gris","tag-consejo-nacional-de-evaluacion-de-la-politica-de-desarrollo-social-coneval"],"jetpack_featured_media_url":"https:\/\/zonaroja.com.mx\/wp-content\/uploads\/2024\/07\/Canasta-basica-inflacion.jpeg","jetpack_sharing_enabled":true,"_links":{"self":[{"href":"https:\/\/zonaroja.com.mx\/index.php?rest_route=\/wp\/v2\/posts\/73612","targetHints":{"allow":["GET"]}}],"collection":[{"href":"https:\/\/zonaroja.com.mx\/index.php?rest_route=\/wp\/v2\/posts"}],"about":[{"href":"https:\/\/zonaroja.com.mx\/index.php?rest_route=\/wp\/v2\/types\/post"}],"author":[{"embeddable":true,"href":"https:\/\/zonaroja.com.mx\/index.php?rest_route=\/wp\/v2\/users\/2"}],"replies":[{"embeddable":true,"href":"https:\/\/zonaroja.com.mx\/index.php?rest_route=%2Fwp%2Fv2%2Fcomments&post=73612"}],"version-history":[{"count":1,"href":"https:\/\/zonaroja.com.mx\/index.php?rest_route=\/wp\/v2\/posts\/73612\/revisions"}],"predecessor-version":[{"id":73613,"href":"https:\/\/zonaroja.com.mx\/index.php?rest_route=\/wp\/v2\/posts\/73612\/revisions\/73613"}],"wp:featuredmedia":[{"embeddable":true,"href":"https:\/\/zonaroja.com.mx\/index.php?rest_route=\/wp\/v2\/media\/70265"}],"wp:attachment":[{"href":"https:\/\/zonaroja.com.mx\/index.php?rest_route=%2Fwp%2Fv2%2Fmedia&parent=73612"}],"wp:term":[{"taxonomy":"category","embeddable":true,"href":"https:\/\/zonaroja.com.mx\/index.php?rest_route=%2Fwp%2Fv2%2Fcategories&post=73612"},{"taxonomy":"post_tag","embeddable":true,"href":"https:\/\/zonaroja.com.mx\/index.php?rest_route=%2Fwp%2Fv2%2Ftags&post=73612"}],"curies":[{"name":"wp","href":"https:\/\/api.w.org\/{rel}","templated":true}]}}