{"id":73617,"date":"2024-10-20T07:44:00","date_gmt":"2024-10-20T13:44:00","guid":{"rendered":"https:\/\/zonaroja.com.mx\/?p=73617"},"modified":"2024-10-20T06:50:41","modified_gmt":"2024-10-20T12:50:41","slug":"matan-a-otra-mujer-en-oaxaca-van-8-en-octubre","status":"publish","type":"post","link":"https:\/\/zonaroja.com.mx\/?p=73617","title":{"rendered":"Matan a otra mujer en Oaxaca; van 8 en octubre"},"content":{"rendered":"\n<p>Ismael Garc\u00eda M.\/Zona Roja.<\/p>\n\n\n\n<p>Oaxaca de Ju\u00e1rez, Oax., a 20 de octubre de 2024.- Otra mujer fue asesinada en Oaxaca, por disparos de arma de fuego, con lo que suman ocho femeninas ultimadas en lo que va del mes de octubre.<\/p>\n\n\n\n<p>El m\u00e1s reciente caso ocurri\u00f3 poco despu\u00e9s de las 19:00 horas en la avenida Independencia de la colonia Oaxaca, en San Juan Bautista Tuxtepec, municipio de la regi\u00f3n Cuenca de la entidad.<\/p>\n\n\n\n<p>Sujetos armados arribaron al domicilio de una mujer, de aproximadamente 48 a\u00f1os de edad, e identificada como Antonieta S., a quien acribillaron, tras lo cual huyeron.<\/p>\n\n\n\n<p>Polic\u00edas municipales no llegaron a tiempo a la zona, por lo cual no fue posible la detenci\u00f3n de los responsables. La Vicefiscal\u00eda Regional de la Cuenca, dependiente de la Fiscal\u00eda General del Estado, abri\u00f3 la carpeta de investigaci\u00f3n correspondiente, para esclarecer el crimen.<\/p>\n\n\n\n<p>En menos de 20 d\u00edas de octubre, han sido asesinadas siete mujeres, en su mayor\u00eda por disparos de arma de fuego, casos que han ocurrido en Tuxtepec &#8211;el de anoche&#8211;, Juchit\u00e1n, Santa Catarina Loxicha, San Pedro Ixtlahuaca, Miahuatl\u00e1n de Porfirio D\u00edaz, Puerto \u00c1ngel y de nuevo Miahuatl\u00e1n. <\/p>\n\n\n\n<p>Por otra parte, la noche del pasado viernes en la comunidad de El Rastrojo, Santiago Juxtlahuaca, fue asesinado a balazos un joven, por causas a\u00fan desconocidas.<\/p>\n\n\n\n<p>La v\u00edctima fue identificada como Reynaldo R. C., de 24 a\u00f1os de edad, y el cuerpo se hall\u00f3 cerca de un plantel del nivel bachillerato.<\/p>\n\n\n\n<p>Hasta el momento ninguna de las organizaciones sociales, MULT o MULTI, se ha atribuido la afiliaci\u00f3n del joven, pues el asesinato ocurri\u00f3 en una localidad de la etnia Triqui.<\/p>\n\n\n\n<p>La Vicefiscal\u00eda Regional de la Mixteca realiz\u00f3 el levantamiento del cuerpo e inici\u00f3 las Investigaciones correspondientes.<\/p>\n","protected":false},"excerpt":{"rendered":"<p>Ismael Garc\u00eda M.\/Zona Roja. Oaxaca de Ju\u00e1rez, Oax., a 20 de octubre de 2024.- Otra&hellip;<\/p>\n","protected":false},"author":2,"featured_media":73618,"comment_status":"closed","ping_status":"open","sticky":false,"template":"","format":"standard","meta":{"_lmt_disableupdate":"","_lmt_disable":"","_jetpack_memberships_contains_paid_content":false,"footnotes":""},"categories":[109,51],"tags":[1081,118],"class_list":["post-73617","post","type-post","status-publish","format-standard","has-post-thumbnail","hentry","category-minuto-a-minuto","category-zona-roja","tag-feminicidios-en-oaxaca","tag-san-juan-bautista-tuxtepec"],"jetpack_featured_media_url":"https:\/\/zonaroja.com.mx\/wp-content\/uploads\/2024\/10\/Mujer-asesinada-Tuxtepec.jpg","jetpack_sharing_enabled":true,"_links":{"self":[{"href":"https:\/\/zonaroja.com.mx\/index.php?rest_route=\/wp\/v2\/posts\/73617","targetHints":{"allow":["GET"]}}],"collection":[{"href":"https:\/\/zonaroja.com.mx\/index.php?rest_route=\/wp\/v2\/posts"}],"about":[{"href":"https:\/\/zonaroja.com.mx\/index.php?rest_route=\/wp\/v2\/types\/post"}],"author":[{"embeddable":true,"href":"https:\/\/zonaroja.com.mx\/index.php?rest_route=\/wp\/v2\/users\/2"}],"replies":[{"embeddable":true,"href":"https:\/\/zonaroja.com.mx\/index.php?rest_route=%2Fwp%2Fv2%2Fcomments&post=73617"}],"version-history":[{"count":1,"href":"https:\/\/zonaroja.com.mx\/index.php?rest_route=\/wp\/v2\/posts\/73617\/revisions"}],"predecessor-version":[{"id":73619,"href":"https:\/\/zonaroja.com.mx\/index.php?rest_route=\/wp\/v2\/posts\/73617\/revisions\/73619"}],"wp:featuredmedia":[{"embeddable":true,"href":"https:\/\/zonaroja.com.mx\/index.php?rest_route=\/wp\/v2\/media\/73618"}],"wp:attachment":[{"href":"https:\/\/zonaroja.com.mx\/index.php?rest_route=%2Fwp%2Fv2%2Fmedia&parent=73617"}],"wp:term":[{"taxonomy":"category","embeddable":true,"href":"https:\/\/zonaroja.com.mx\/index.php?rest_route=%2Fwp%2Fv2%2Fcategories&post=73617"},{"taxonomy":"post_tag","embeddable":true,"href":"https:\/\/zonaroja.com.mx\/index.php?rest_route=%2Fwp%2Fv2%2Ftags&post=73617"}],"curies":[{"name":"wp","href":"https:\/\/api.w.org\/{rel}","templated":true}]}}