{"id":73620,"date":"2024-10-20T08:50:00","date_gmt":"2024-10-20T14:50:00","guid":{"rendered":"https:\/\/zonaroja.com.mx\/?p=73620"},"modified":"2024-10-20T06:56:07","modified_gmt":"2024-10-20T12:56:07","slug":"otra-vez-sinaloa-ahora-secuestran-a-trabajador-del-periodico-el-debate","status":"publish","type":"post","link":"https:\/\/zonaroja.com.mx\/?p=73620","title":{"rendered":"Otra vez Sinaloa: ahora secuestran a trabajador del peri\u00f3dico \u201cEl Debate\u201d"},"content":{"rendered":"\n<p>Redacci\u00f3n\/Zona Roja Cdmx.<\/p>\n\n\n\n<p>Ciudad de M\u00e9xico, a 20 de octubre de 2024.- Un repartidor del peri\u00f3dico \u201cEl Debate\u201d fue secuestrado durante la ma\u00f1ana de este s\u00e1bado 19 de octubre por sujetos armados en la ciudad de Culiac\u00e1n.<\/p>\n\n\n\n<p>El medio sinaloense detall\u00f3 que el repartidor fue perseguido inicialmente por hombres armados en el centro de la ciudad. Estos sujetos lograron darle alcance y lo tiraron de la motocicleta con la que repart\u00eda los peri\u00f3dicos.<\/p>\n\n\n\n<p>El trabajador de \u201cEl Debate\u201d pudo correr y esconderse en un negocio, lugar a donde lleg\u00f3 otro de sus compa\u00f1eros del diario quien lo traslad\u00f3 a la Cruz Roja, ya que ten\u00eda una lesi\u00f3n en la rodilla. Una vez en este centro m\u00e9dico, y debido a la gravedad de su herida, se le recomend\u00f3 acudir al Instituto Mexicano del Seguro Social (IMSS).<\/p>\n\n\n\n<p>Sin embargo, el trabajador pidi\u00f3 a su compa\u00f1ero que lo trasladara primero con su familia para que ellos lo llevaran al IMSS.<\/p>\n\n\n\n<p>\u201cFue en este trayecto de la Cruz Roja a la vivienda en que nuevamente fue ubicado por los agresores que inicialmente lo hab\u00edan derribado en el centro de la ciudad\u201d, inform\u00f3 el diario de Sinaloa que el jueves pasado sus oficinas de Culiac\u00e1n fueron atacadas a tiros por sujetos armados.<\/p>\n\n\n\n<p>Los dos trabajadores del diario fueron sometidos por los sujetos armados y privaron de su libertad al repartidor lesionado, el cual hab\u00eda sido perseguido primero en el centro de la ciudad.<\/p>\n\n\n\n<p>\u201cLo cuestionaron por qu\u00e9 hab\u00eda corrido (en su primer intento de \u2018levant\u00f3n\u2019)\u201d, inform\u00f3 el peri\u00f3dico, quien a\u00f1adi\u00f3 que los agresores aseguraron que lo soltar\u00edan. Estos hechos ocurrieron a las seis de la ma\u00f1ana y hasta el momento de esta nota, el repartidor sigue desaparecido.<\/p>\n\n\n\n<p>En su cuenta de Facebook, \u201cEl Debate\u201d reproch\u00f3 a las autoridades estatales de no cumplir la promesa de seguridad que se les otorgar\u00eda.<\/p>\n\n\n\n<p>\u201cPese a que el mismo gobernador del Estado Rub\u00e9n Rocha Moya, se comprometi\u00f3 a darle vigilancia permanente con rondines de fuerzas del orden a las inmediaciones del peri\u00f3dico \u2018El Debate\u2019 en Culiac\u00e1n, esto no ha sucedido. \u00c9sta promesa fue brindada el pasado viernes ante el ataque a balazos que sufri\u00f3 este medio el jueves 17 de octubre por la noche\u201d, escribi\u00f3 el medio.<\/p>\n\n\n\n<p>Cerca de las 3:30 de la tarde de este s\u00e1bado, fue el propio peri\u00f3dico que anunci\u00f3 que a las instalaciones del peri\u00f3dico arribaron patrullas estatales para realizar&nbsp;vigilancia a los alrededores.<\/p>\n\n\n\n<p>Cabe recordar que la tarde del viernes 18 de octubre, el diario fij\u00f3 su postura ante el ataque de sus instalaciones en Culiac\u00e1n, donde condenaron de forma categ\u00f3rica lo sucedido y exigieron a las autoridades una investigaci\u00f3n fondo para esclarecer los hechos.<\/p>\n\n\n\n<p>\u201cNo cederemos ante amenazas o actos de violencia. Creemos firmemente que la libertad de prensa no es solo un derecho de los periodistas, sino de toda la sociedad, que depende de medios veraces y comprometidos para mantenerse informada. Defenderemos este derecho con valent\u00eda, convencidos de que informar no solo es un deber profesional, sino un servicio vital para la democracia\u201d, apunt\u00f3 en un comunicado.<\/p>\n\n\n\n<p>(Informaci\u00f3n de Infobae M\u00e9xico)<\/p>\n","protected":false},"excerpt":{"rendered":"<p>Redacci\u00f3n\/Zona Roja Cdmx. Ciudad de M\u00e9xico, a 20 de octubre de 2024.- Un repartidor del&hellip;<\/p>\n","protected":false},"author":2,"featured_media":73621,"comment_status":"closed","ping_status":"open","sticky":false,"template":"","format":"standard","meta":{"_lmt_disableupdate":"","_lmt_disable":"","_jetpack_memberships_contains_paid_content":false,"footnotes":""},"categories":[109,47],"tags":[1335],"class_list":["post-73620","post","type-post","status-publish","format-standard","has-post-thumbnail","hentry","category-minuto-a-minuto","category-zona-gris","tag-culiacan-sinaloa"],"jetpack_featured_media_url":"https:\/\/zonaroja.com.mx\/wp-content\/uploads\/2024\/10\/Repartidor-el-debate-sinaloa.jpg","jetpack_sharing_enabled":true,"_links":{"self":[{"href":"https:\/\/zonaroja.com.mx\/index.php?rest_route=\/wp\/v2\/posts\/73620","targetHints":{"allow":["GET"]}}],"collection":[{"href":"https:\/\/zonaroja.com.mx\/index.php?rest_route=\/wp\/v2\/posts"}],"about":[{"href":"https:\/\/zonaroja.com.mx\/index.php?rest_route=\/wp\/v2\/types\/post"}],"author":[{"embeddable":true,"href":"https:\/\/zonaroja.com.mx\/index.php?rest_route=\/wp\/v2\/users\/2"}],"replies":[{"embeddable":true,"href":"https:\/\/zonaroja.com.mx\/index.php?rest_route=%2Fwp%2Fv2%2Fcomments&post=73620"}],"version-history":[{"count":1,"href":"https:\/\/zonaroja.com.mx\/index.php?rest_route=\/wp\/v2\/posts\/73620\/revisions"}],"predecessor-version":[{"id":73622,"href":"https:\/\/zonaroja.com.mx\/index.php?rest_route=\/wp\/v2\/posts\/73620\/revisions\/73622"}],"wp:featuredmedia":[{"embeddable":true,"href":"https:\/\/zonaroja.com.mx\/index.php?rest_route=\/wp\/v2\/media\/73621"}],"wp:attachment":[{"href":"https:\/\/zonaroja.com.mx\/index.php?rest_route=%2Fwp%2Fv2%2Fmedia&parent=73620"}],"wp:term":[{"taxonomy":"category","embeddable":true,"href":"https:\/\/zonaroja.com.mx\/index.php?rest_route=%2Fwp%2Fv2%2Fcategories&post=73620"},{"taxonomy":"post_tag","embeddable":true,"href":"https:\/\/zonaroja.com.mx\/index.php?rest_route=%2Fwp%2Fv2%2Ftags&post=73620"}],"curies":[{"name":"wp","href":"https:\/\/api.w.org\/{rel}","templated":true}]}}