{"id":73623,"date":"2024-10-20T09:38:00","date_gmt":"2024-10-20T15:38:00","guid":{"rendered":"https:\/\/zonaroja.com.mx\/?p=73623"},"modified":"2024-10-20T07:39:12","modified_gmt":"2024-10-20T13:39:12","slug":"magisterio-de-oaxaca-reitera-rechazo-a-titular-de-la-sep-y-a-azael-santiago-chepi","status":"publish","type":"post","link":"https:\/\/zonaroja.com.mx\/?p=73623","title":{"rendered":"Magisterio de Oaxaca reitera rechazo a titular de la SEP y a Azael Santiago Chepi"},"content":{"rendered":"\n<p>Ismael Garc\u00eda M.\/Zona Roja.<\/p>\n\n\n\n<p>Oaxaca de Ju\u00e1rez, Oax., a 20 de octubre de 2024.- La Secci\u00f3n 22 del Sindicato Nacional de Trabajadores de la Educaci\u00f3n denunci\u00f3 hostigamiento y amenazas por parte del Estado y reiter\u00f3 su rechazo a la designaci\u00f3n del titular de la SEP, Mario Delgado, as\u00ed como el nombramiento de Azael Santiago Chepi en esa dependencia.<\/p>\n\n\n\n<p>En conferencia de prensa efectuada ayer al mediod\u00eda, previo a la Asamblea Estatal, el magisterio emplaz\u00f3 tambi\u00e9n a la Presidenta Claudia Sheinbaum a reinstalar la mesa de negociaci\u00f3n.<\/p>\n\n\n\n<p>\u201cPor eso debe quedare claro al Ejecutivo federal, que ahora est\u00e1 al frente una mujer, que es Claudia Sheinbaum, que la Secci\u00f3n 22 seguir\u00e1 saliendo a las calles, que la Secci\u00f3n 22 seguir\u00e1 exigiendo la soluci\u00f3n a sus demandas centrales.<\/p>\n\n\n\n<p>\u201cMientras nos mantengan a todos los trabajadores de la educaci\u00f3n en un r\u00e9gimen de excepci\u00f3n laboral, no est\u00e1 abrogada la reforma educativa, mientras no haya una jubilaci\u00f3n digna, seguiremos en lucha\u201d, expuso la secretaria General, Yenny Aracely P\u00e9rez Mart\u00ednez.<\/p>\n\n\n\n<p>Detall\u00f3 que Andr\u00e9s Manuel L\u00f3pez Obrador dej\u00f3 varios pendientes y por lo cual se requiere reinstalar la mesa tripartita, con las instancias federales y estatales.<\/p>\n\n\n\n<p>\u201cEl gobierno que dej\u00f3 de \u00faltimo minuto la atenci\u00f3n de las demandas centrales de trabajadores, se olvid\u00f3 que el magisterio tambi\u00e9n somos pueblo y ahora nos enfrentamos a la continuidad de este gobierno\u201d, expuso.<\/p>\n\n\n\n<p>Reproch\u00f3 de nuevo la designaci\u00f3n de Mario Carrillo al frente de la Secretar\u00eda de Educaci\u00f3n P\u00fablica y la designaci\u00f3n que \u00e9ste hizo a Azael Santiago Chepi, ex diputado federal y ex dirigente del magisterio.<\/p>\n\n\n\n<p>\u201cSiguen reciclando personajes que no son gratos para este movimiento\u2026 nos deslindamos de este personaje, no aceptaremos que nadie se cuelgue de todo esto para que llegue a beneficiarse personalmente\u201d, dijo, al condenar cualquier acto de persecuci\u00f3n pol\u00edtica y hostigamiento en contra de los agremiados en general y dirigentes; \u201cestamos atentos ante ello y sabremos hacer lo propio\u201d.<\/p>\n\n\n\n<p>Por su parte, el secretario de Organizaci\u00f3n, C\u00e9sar Garc\u00eda Zurita, reclam\u00f3 el clima de violencia que se da en el estado, ante lo cual la Secci\u00f3n 22 se manifiesta de manera en\u00e9rgica.&nbsp;<\/p>\n\n\n\n<p>\u201cHemos recibido hostigamiento y amenazas y desde este movimiento damos el respaldo, pol\u00edtico, jur\u00eddico y administrativo a todos nuestros compa\u00f1eros\u201d, asegur\u00f3, al detallar casos como el asesinato del profesor Rom\u00e1n Ruiz, ex presidente municipal de Candelaria Loxicha.<\/p>\n\n\n\n<p>Reproch\u00f3 la creciente violencia, que se ha manifestado tambi\u00e9n con la desaparici\u00f3n de la activista Sandra Dom\u00ednguez, y la agresi\u00f3n en contra de integrantes del Frente Ind\u00edgena de Pueblos Olvidados de Oaxaca.<\/p>\n\n\n\n<p>\u201cLe exigimos al gobierno estatal como federal para que calmen ya este clima de violencia en contra del movimiento y que se aplique la justicia en lo inmediato, ya no debemos permitir m\u00e1s acoso, m\u00e1s hostigamiento. Este movimiento har\u00e1 lo necesario para exigir justicia y que desde estos espacios de toma de decisiones estaremos analizando los temas y vi\u00e9ndonosla c\u00f3mo accionar\u201d, remarc\u00f3.<\/p>\n\n\n\n<p>A su vez, el secretario de Prensa y Propaganda, Luis Alberto L\u00f3pez, expuso que no tiene representantes en ninguno de los poderes, ni en la C\u00e1mara de Diputados ni en la de Senadores; \u201cnos deslindamos de personajes que a nombre de la Secci\u00f3n 22 han buscado ser parte del Estado, se han aprovechado del movimiento\u201d, dijo, al citar los nombres de Ir\u00e1n Manuel Santiago, Aciel Sibaja, Jorge Sibaja y Alfredo Gonz\u00e1lez Cruz, adem\u00e1s de Azael Santiago Chepi.<\/p>\n","protected":false},"excerpt":{"rendered":"<p>Ismael Garc\u00eda M.\/Zona Roja. Oaxaca de Ju\u00e1rez, Oax., a 20 de octubre de 2024.- La&hellip;<\/p>\n","protected":false},"author":2,"featured_media":73624,"comment_status":"closed","ping_status":"open","sticky":false,"template":"","format":"standard","meta":{"_lmt_disableupdate":"","_lmt_disable":"","_jetpack_memberships_contains_paid_content":false,"footnotes":""},"categories":[109,47],"tags":[312],"class_list":["post-73623","post","type-post","status-publish","format-standard","has-post-thumbnail","hentry","category-minuto-a-minuto","category-zona-gris","tag-seccion-22-del-snte"],"jetpack_featured_media_url":"https:\/\/zonaroja.com.mx\/wp-content\/uploads\/2024\/10\/Conferencia-de-prensa-Seccion-22-del-SNTe.jpg","jetpack_sharing_enabled":true,"_links":{"self":[{"href":"https:\/\/zonaroja.com.mx\/index.php?rest_route=\/wp\/v2\/posts\/73623","targetHints":{"allow":["GET"]}}],"collection":[{"href":"https:\/\/zonaroja.com.mx\/index.php?rest_route=\/wp\/v2\/posts"}],"about":[{"href":"https:\/\/zonaroja.com.mx\/index.php?rest_route=\/wp\/v2\/types\/post"}],"author":[{"embeddable":true,"href":"https:\/\/zonaroja.com.mx\/index.php?rest_route=\/wp\/v2\/users\/2"}],"replies":[{"embeddable":true,"href":"https:\/\/zonaroja.com.mx\/index.php?rest_route=%2Fwp%2Fv2%2Fcomments&post=73623"}],"version-history":[{"count":1,"href":"https:\/\/zonaroja.com.mx\/index.php?rest_route=\/wp\/v2\/posts\/73623\/revisions"}],"predecessor-version":[{"id":73625,"href":"https:\/\/zonaroja.com.mx\/index.php?rest_route=\/wp\/v2\/posts\/73623\/revisions\/73625"}],"wp:featuredmedia":[{"embeddable":true,"href":"https:\/\/zonaroja.com.mx\/index.php?rest_route=\/wp\/v2\/media\/73624"}],"wp:attachment":[{"href":"https:\/\/zonaroja.com.mx\/index.php?rest_route=%2Fwp%2Fv2%2Fmedia&parent=73623"}],"wp:term":[{"taxonomy":"category","embeddable":true,"href":"https:\/\/zonaroja.com.mx\/index.php?rest_route=%2Fwp%2Fv2%2Fcategories&post=73623"},{"taxonomy":"post_tag","embeddable":true,"href":"https:\/\/zonaroja.com.mx\/index.php?rest_route=%2Fwp%2Fv2%2Ftags&post=73623"}],"curies":[{"name":"wp","href":"https:\/\/api.w.org\/{rel}","templated":true}]}}