{"id":73626,"date":"2024-10-20T10:39:00","date_gmt":"2024-10-20T16:39:00","guid":{"rendered":"https:\/\/zonaroja.com.mx\/?p=73626"},"modified":"2024-10-20T07:43:44","modified_gmt":"2024-10-20T13:43:44","slug":"disparan-desde-libano-dron-contra-residencia-de-netanyahu-iran-lo-atribuye-a-hezbola","status":"publish","type":"post","link":"https:\/\/zonaroja.com.mx\/?p=73626","title":{"rendered":"Disparan desde L\u00edbano dron contra residencia de Netanyahu; Ir\u00e1n lo atribuye a Hezbol\u00e1"},"content":{"rendered":"\n<p>Redacci\u00f3n\/Zona Roja Cdmx.<\/p>\n\n\n\n<p>Ciudad de M\u00e9xico, a 20 de octubre de 2024.- \u201cLos agentes de Ir\u00e1n que hoy intentaron asesinarme a m\u00ed y a mi esposa cometieron un amargo error\u201d, manifest\u00f3 el primer ministro israel\u00ed, Benjam\u00edn Netanyahu, tras el ataque este s\u00e1bado contra su residencia privada en la regi\u00f3n de Ces\u00e1rea (centro de Israel) con un dron disparado desde L\u00edbano y atribuido al grupo chi\u00ed liban\u00e9s Hezbol\u00e1.<\/p>\n\n\n\n<p>\u201cEsto no nos disuadir\u00e1 a m\u00ed ni al Estado de Israel de continuar la guerra de resurgimiento contra nuestros enemigos para garantizar nuestra seguridad durante generaciones\u201d, recoge en un comunicado su oficina.<\/p>\n\n\n\n<p>\u201cCualquiera que da\u00f1e a los ciudadanos del Estado de Israel pagar\u00e1 un alto precio por ello. Seguiremos eliminando a sus terroristas\u201d, asever\u00f3.<\/p>\n\n\n\n<p>Israel confirm\u00f3 este s\u00e1bado que el dron que impact\u00f3 en Ces\u00e1rea iba dirigido a la residencia privada en esa ciudad del primer ministro, Benjam\u00edn Netanyahu, pero que ni \u00e9l ni nadie de su familia se encontraban en la casa.<\/p>\n\n\n\n<p>\u201cSe lanz\u00f3 un dron hacia la casa del primer ministro en Ces\u00e1rea. El primer ministro y su esposa no estaban all\u00ed y no hubo v\u00edctimas en el incidente\u201d, inform\u00f3 un comunicado de su oficina.<\/p>\n\n\n\n<p>Ir\u00e1n afirm\u00f3 el s\u00e1bado que el movimiento islamista liban\u00e9s Hezbol\u00e1, que recibe su apoyo militar y financiero, llev\u00f3 a cabo el ataque con dron contra la residencia del primer ministro israel\u00ed, Benjamin Netanyahu.<\/p>\n\n\n\n<p>\u201cEsa acci\u00f3n fue llevada a cabo por el Hezbol\u00e1 liban\u00e9s\u201d, afirm\u00f3 la misi\u00f3n iran\u00ed ante la ONU en un breve comunicado citado por la agencia oficial Irna.<\/p>\n\n\n\n<p>Un dron atribuido a Hizbul\u00e1 impact\u00f3 en esa ciudad de la costa mediterr\u00e1nea, en el centro de Israel, de los tres que fueron detectados, aunque los otros dos fueron interceptados.<\/p>\n\n\n\n<p>\u201cEn la \u00faltima hora, se identificaron tres veh\u00edculos a\u00e9reos no tripulados que cruzaban desde el L\u00edbano hacia territorio israel\u00ed. Dos de ellos fueron interceptados y un tercero impact\u00f3 en la zona de Ces\u00e1rea\u201d, indic\u00f3 un comunicado del Ej\u00e9rcito israel\u00ed.<\/p>\n\n\n\n<p>(Informaci\u00f3n de agencia EFE en \u201cEl Financiero\u201d)<\/p>\n","protected":false},"excerpt":{"rendered":"<p>Redacci\u00f3n\/Zona Roja Cdmx. Ciudad de M\u00e9xico, a 20 de octubre de 2024.- \u201cLos agentes de&hellip;<\/p>\n","protected":false},"author":2,"featured_media":73627,"comment_status":"closed","ping_status":"open","sticky":false,"template":"","format":"standard","meta":{"_lmt_disableupdate":"","_lmt_disable":"","_jetpack_memberships_contains_paid_content":false,"footnotes":""},"categories":[109,47],"tags":[2668],"class_list":["post-73626","post","type-post","status-publish","format-standard","has-post-thumbnail","hentry","category-minuto-a-minuto","category-zona-gris","tag-conflicto-gaza-israel"],"jetpack_featured_media_url":"https:\/\/zonaroja.com.mx\/wp-content\/uploads\/2024\/10\/Israel-Benjamin-Netanyahu.webp","jetpack_sharing_enabled":true,"_links":{"self":[{"href":"https:\/\/zonaroja.com.mx\/index.php?rest_route=\/wp\/v2\/posts\/73626","targetHints":{"allow":["GET"]}}],"collection":[{"href":"https:\/\/zonaroja.com.mx\/index.php?rest_route=\/wp\/v2\/posts"}],"about":[{"href":"https:\/\/zonaroja.com.mx\/index.php?rest_route=\/wp\/v2\/types\/post"}],"author":[{"embeddable":true,"href":"https:\/\/zonaroja.com.mx\/index.php?rest_route=\/wp\/v2\/users\/2"}],"replies":[{"embeddable":true,"href":"https:\/\/zonaroja.com.mx\/index.php?rest_route=%2Fwp%2Fv2%2Fcomments&post=73626"}],"version-history":[{"count":1,"href":"https:\/\/zonaroja.com.mx\/index.php?rest_route=\/wp\/v2\/posts\/73626\/revisions"}],"predecessor-version":[{"id":73628,"href":"https:\/\/zonaroja.com.mx\/index.php?rest_route=\/wp\/v2\/posts\/73626\/revisions\/73628"}],"wp:featuredmedia":[{"embeddable":true,"href":"https:\/\/zonaroja.com.mx\/index.php?rest_route=\/wp\/v2\/media\/73627"}],"wp:attachment":[{"href":"https:\/\/zonaroja.com.mx\/index.php?rest_route=%2Fwp%2Fv2%2Fmedia&parent=73626"}],"wp:term":[{"taxonomy":"category","embeddable":true,"href":"https:\/\/zonaroja.com.mx\/index.php?rest_route=%2Fwp%2Fv2%2Fcategories&post=73626"},{"taxonomy":"post_tag","embeddable":true,"href":"https:\/\/zonaroja.com.mx\/index.php?rest_route=%2Fwp%2Fv2%2Ftags&post=73626"}],"curies":[{"name":"wp","href":"https:\/\/api.w.org\/{rel}","templated":true}]}}