{"id":7363,"date":"2020-01-06T17:44:31","date_gmt":"2020-01-06T23:44:31","guid":{"rendered":"http:\/\/www.zonaroja.com.mx\/?p=7363"},"modified":"2020-01-06T17:44:33","modified_gmt":"2020-01-06T23:44:33","slug":"reconocen-en-uabjo-labor-de-los-y-las-enfermeras-en-su-dia","status":"publish","type":"post","link":"https:\/\/zonaroja.com.mx\/?p=7363","title":{"rendered":"Reconocen en UABJO labor de los y las enfermeras, en su d\u00eda"},"content":{"rendered":"\n<p>Redacci\u00f3n\/Zona\nRoja<\/p>\n\n\n\n<p>Oaxaca\nde Ju\u00e1rez, Oax., 6 de enero de 2020.- Como noble y humanista actividad calific\u00f3\nel rector de la Universidad Aut\u00f3noma \u201cBenito Ju\u00e1rez\u201d de Oaxaca, Eduardo\nBautista Mart\u00ednez, la labor de las y los enfermeros, al conmemorar su d\u00eda.<\/p>\n\n\n\n<p>En\nel encuentro efectuado hoy en la sede de la rector\u00eda, reconoci\u00f3 la labor de la\ncomunidad de profesionistas egresados de la m\u00e1xima casa de estudios que han\nbrindado servicios de salud a la poblaci\u00f3n en el estado de Oaxaca.<\/p>\n\n\n\n<p>Lo anterior en el marco del D\u00eda de la Enfermera, que se celebra cada 6 de enero en M\u00e9xico y considerando que este 2020 la Organizaci\u00f3n Mundial de la Salud (OMS) ha sido declarado el A\u00f1o de la Enfermer\u00eda.<\/p>\n\n\n\n<figure class=\"wp-block-embed-twitter wp-block-embed is-type-rich is-provider-twitter\"><div class=\"wp-block-embed__wrapper\">\n<div class=\"twitter-tweet\"><blockquote class=\"twitter-tweet\" data-lang=\"es\"><p lang=\"es\" dir=\"ltr\">Este 6 de enero se conmemora el D\u00eda de la Enfermera y as\u00ed las festejan en la <a href=\"https:\/\/twitter.com\/UABJO?ref_src=twsrc%5Etfw\">@UABJO<\/a>, en un acto que encabeza el rector <a href=\"https:\/\/twitter.com\/Bautistaeduardo?ref_src=twsrc%5Etfw\">@BautistaEduardo<\/a>. Habr\u00e1 adem\u00e1s una rosca gigante, con motivo de D\u00eda de Reyes. <a href=\"https:\/\/t.co\/z8XokuhYZo\">pic.twitter.com\/z8XokuhYZo<\/a><\/p>&mdash; Zona Roja Oaxaca (@MexRoja) <a href=\"https:\/\/twitter.com\/MexRoja\/status\/1214205566551113730?ref_src=twsrc%5Etfw\">6 de enero de 2020<\/a><\/blockquote><\/div>\n<\/div><\/figure>\n\n\n\n<p>Bautista\nMart\u00ednez reconoci\u00f3 que la Facultad de Enfermer\u00eda de la m\u00e1xima casa de estudios\nha sido reconocida en varias ocasiones, tanto en su programa acad\u00e9mico como a\nsus estudiantes que han logrado destacar en el trabajo, pr\u00e1cticas y servicio,\nlo cual permite posicionar a la UABJO como una de \u00f1as m\u00e1s importantes a nivel\nestatal.<\/p>\n\n\n\n<p>\u201cDe\nesta universidad han egresado generaciones y generaciones de enfermeras y\nenfermeros que han brindado servicios de salud al estado de Oaxaca en beneficio\nde su poblaci\u00f3n\u201d, dijo el rector.<\/p>\n\n\n\n<p>Detall\u00f3\nque la tendencia mundial es ver la enfermer\u00eda por s\u00ed misma y no bajo la sombra\nde la medicina, como en a\u00f1os anteriores se ve\u00eda, por lo que es fundamental la\nreivindicaci\u00f3n de la formaci\u00f3n y profesionalizaci\u00f3n de quienes se dedican a\nesta noble labor, que adem\u00e1s es la primera atenci\u00f3n en cualquier instancia de\nsalud.<\/p>\n\n\n\n<p>\u201cLa enfermer\u00eda tiene un estatus y est\u00e1 posicion\u00e1ndolo a nivel global en la toma de decisiones, por lo que es fundamental que las y los egresados de la facultad logren colocarse en la Comisi\u00f3n de Arbitraje M\u00e9dico, al frente de hospitales, de unidades hospitalarias y dem\u00e1s \u00e1reas en donde hace falta la visi\u00f3n, compromiso y vocaci\u00f3n de quienes se han formado en la enfermer\u00eda\u201d, refiri\u00f3 Bautista Mart\u00ednez.\u00a0 <\/p>\n\n\n\n<figure class=\"wp-block-embed-twitter wp-block-embed is-type-rich is-provider-twitter\"><div class=\"wp-block-embed__wrapper\">\n<div class=\"twitter-tweet\"><blockquote class=\"twitter-tweet\" data-lang=\"es\"><p lang=\"es\" dir=\"ltr\">El rector de la <a href=\"https:\/\/twitter.com\/UABJO?ref_src=twsrc%5Etfw\">@UABJO<\/a>, <a href=\"https:\/\/twitter.com\/Bautistaeduardo?ref_src=twsrc%5Etfw\">@BautistaEduardo<\/a>, felicit\u00f3 a las y los enfermeros con motivo de su d\u00eda, en un acto efectuado esta ma\u00f1ana en la sede de la rector\u00eda. <a href=\"https:\/\/t.co\/Qr55gOamo1\">pic.twitter.com\/Qr55gOamo1<\/a><\/p>&mdash; Zona Roja Oaxaca (@MexRoja) <a href=\"https:\/\/twitter.com\/MexRoja\/status\/1214231848148062210?ref_src=twsrc%5Etfw\">6 de enero de 2020<\/a><\/blockquote><\/div>\n<\/div><\/figure>\n\n\n\n<p>La\nautoridad universitaria record\u00f3 que m\u00e1s del 70 por ciento de quienes se dedican\na la atenci\u00f3n a la salud a escala global en las unidades m\u00e9dicas son las y los\nenfermeros, siendo la atenci\u00f3n primaria, inmediata, de calidez y humanista,\nraz\u00f3n por la que es necesario y fundamental el reconocimiento a la labor.<\/p>\n\n\n\n<p>\u201cNos\nllena de orgullo que la mayor\u00eda de las personas que se dedican a esta noble y\nhumanista actividad son egresadas de la UABJO, las reconocemos y aplaudimos el\nesfuerzo que se realiza en la m\u00e1xima casa de estudios\u201d, sentenci\u00f3.<\/p>\n","protected":false},"excerpt":{"rendered":"<p>Redacci\u00f3n\/Zona Roja Oaxaca de Ju\u00e1rez, Oax., 6 de enero de 2020.- Como noble y humanista&hellip;<\/p>\n","protected":false},"author":2,"featured_media":7364,"comment_status":"closed","ping_status":"open","sticky":false,"template":"","format":"standard","meta":{"_lmt_disableupdate":"","_lmt_disable":"","_jetpack_memberships_contains_paid_content":false,"footnotes":""},"categories":[109,46],"tags":[360,282],"class_list":["post-7363","post","type-post","status-publish","format-standard","has-post-thumbnail","hentry","category-minuto-a-minuto","category-zona-blanca","tag-rector-eduardo-bautista-martinez","tag-universidad-autonoma-benito-juarez-de-oaxaca"],"jetpack_featured_media_url":"https:\/\/zonaroja.com.mx\/wp-content\/uploads\/2020\/01\/D\u00eda-Enfermera.jpg","jetpack_sharing_enabled":true,"_links":{"self":[{"href":"https:\/\/zonaroja.com.mx\/index.php?rest_route=\/wp\/v2\/posts\/7363","targetHints":{"allow":["GET"]}}],"collection":[{"href":"https:\/\/zonaroja.com.mx\/index.php?rest_route=\/wp\/v2\/posts"}],"about":[{"href":"https:\/\/zonaroja.com.mx\/index.php?rest_route=\/wp\/v2\/types\/post"}],"author":[{"embeddable":true,"href":"https:\/\/zonaroja.com.mx\/index.php?rest_route=\/wp\/v2\/users\/2"}],"replies":[{"embeddable":true,"href":"https:\/\/zonaroja.com.mx\/index.php?rest_route=%2Fwp%2Fv2%2Fcomments&post=7363"}],"version-history":[{"count":1,"href":"https:\/\/zonaroja.com.mx\/index.php?rest_route=\/wp\/v2\/posts\/7363\/revisions"}],"predecessor-version":[{"id":7365,"href":"https:\/\/zonaroja.com.mx\/index.php?rest_route=\/wp\/v2\/posts\/7363\/revisions\/7365"}],"wp:featuredmedia":[{"embeddable":true,"href":"https:\/\/zonaroja.com.mx\/index.php?rest_route=\/wp\/v2\/media\/7364"}],"wp:attachment":[{"href":"https:\/\/zonaroja.com.mx\/index.php?rest_route=%2Fwp%2Fv2%2Fmedia&parent=7363"}],"wp:term":[{"taxonomy":"category","embeddable":true,"href":"https:\/\/zonaroja.com.mx\/index.php?rest_route=%2Fwp%2Fv2%2Fcategories&post=7363"},{"taxonomy":"post_tag","embeddable":true,"href":"https:\/\/zonaroja.com.mx\/index.php?rest_route=%2Fwp%2Fv2%2Ftags&post=7363"}],"curies":[{"name":"wp","href":"https:\/\/api.w.org\/{rel}","templated":true}]}}