{"id":73637,"date":"2024-10-20T18:27:25","date_gmt":"2024-10-21T00:27:25","guid":{"rendered":"https:\/\/zonaroja.com.mx\/?p=73637"},"modified":"2024-10-20T18:27:26","modified_gmt":"2024-10-21T00:27:26","slug":"tras-concluir-la-misa-asesinan-a-sacerdote-en-chiapas","status":"publish","type":"post","link":"https:\/\/zonaroja.com.mx\/?p=73637","title":{"rendered":"Tras concluir la misa, asesinan a sacerdote en Chiapas"},"content":{"rendered":"\n<p>Redacci\u00f3n\/Zona Roja Cdmx.<\/p>\n\n\n\n<p>Ciudad de M\u00e9xico, a 20 de octubre de 2024.- Marcelo P\u00e9rez P\u00e9rez, p\u00e1rroco de la Iglesia de Guadalupe en San Crist\u00f3bal de Las Casas, fue asesinado a tiros por un par de sicarios en la ma\u00f1ana de este domingo 20 de octubre.<\/p>\n\n\n\n<p>El sacerdote fue amenazado de muerte desde 2021 por un grupo armado que opera en los Altos de Chiapas: \u201cA mi cabeza le han puesto precio\u201d, denunci\u00f3.<\/p>\n\n\n\n<p>El sacerdote se dispon\u00eda a subir a su camioneta, en el barrio Cuxtitali en San Crist\u00f3bal de las Casas, cuando un par de sicarios a bordo de una motocicleta se le acerc\u00f3 y le dispar\u00f3 a quemarropa.<\/p>\n\n\n\n<p>El asesinato del p\u00e1rroco fue confirmado por el propio obispo de San Crist\u00f3bal de Las Casas, Rodrigo Aguilar Mart\u00ednez, quien dijo que el cuerpo ser\u00e1 velado donde era su parroquia.<\/p>\n\n\n\n<p>\u00bfQUI\u00c9N ERA?<\/p>\n\n\n\n<p>Padre de origen tstosil, Marcelo P\u00e9rez P\u00e9rez naci\u00f3 en San Andr\u00e9s Larr\u00e1inzar, un municipio de Los Altos de Chiapas. Fue p\u00e1rroco por 10 a\u00f1os en Chenalh\u00f3, y hace dos a\u00f1os y medio fue trasladado por la di\u00f3cesis de San Cristobal a la parroquia de Guadalupe por amenazas de muerte.<\/p>\n\n\n\n<p>Marcelo se vio envuelto dentro una disputa pol\u00edtica por el control del municipio de Pantelh\u00f3, esto entre los grupos armados Los Machetes y Los Herrera en 2021.<\/p>\n\n\n\n<p>Cuando Los Machetes tomaron el control del municipio, secuestraron y desaparecieron a 21 personas de Los Herrera, que hasta la fecha no han aparecido.<\/p>\n\n\n\n<p>El grupo Los Herrera acus\u00f3 al padre Marcelo de estar aliado con sus adversarios. Aunque se deslind\u00f3 y distanci\u00f3 de ese grupo armado, recibi\u00f3 amenazas de muerte.<\/p>\n\n\n\n<p>El pasado 13 de septiembre se uni\u00f3 a la marcha por la paz de las tres di\u00f3cesis de San Crist\u00f3bal de Las Casas, donde denunci\u00f3 el aumento de la narcoviolencia.<\/p>\n\n\n\n<p>(Informaci\u00f3n de Isa\u00edn Mandujano en \u201cEl Financiero\u201d)<\/p>\n","protected":false},"excerpt":{"rendered":"<p>Redacci\u00f3n\/Zona Roja Cdmx. Ciudad de M\u00e9xico, a 20 de octubre de 2024.- Marcelo P\u00e9rez P\u00e9rez,&hellip;<\/p>\n","protected":false},"author":2,"featured_media":73638,"comment_status":"closed","ping_status":"open","sticky":false,"template":"","format":"standard","meta":{"_lmt_disableupdate":"","_lmt_disable":"","_jetpack_memberships_contains_paid_content":false,"footnotes":""},"categories":[109,47],"tags":[],"class_list":["post-73637","post","type-post","status-publish","format-standard","has-post-thumbnail","hentry","category-minuto-a-minuto","category-zona-gris"],"jetpack_featured_media_url":"https:\/\/zonaroja.com.mx\/wp-content\/uploads\/2024\/10\/Sacerdote-Marcelo-Perez.jpeg","jetpack_sharing_enabled":true,"_links":{"self":[{"href":"https:\/\/zonaroja.com.mx\/index.php?rest_route=\/wp\/v2\/posts\/73637","targetHints":{"allow":["GET"]}}],"collection":[{"href":"https:\/\/zonaroja.com.mx\/index.php?rest_route=\/wp\/v2\/posts"}],"about":[{"href":"https:\/\/zonaroja.com.mx\/index.php?rest_route=\/wp\/v2\/types\/post"}],"author":[{"embeddable":true,"href":"https:\/\/zonaroja.com.mx\/index.php?rest_route=\/wp\/v2\/users\/2"}],"replies":[{"embeddable":true,"href":"https:\/\/zonaroja.com.mx\/index.php?rest_route=%2Fwp%2Fv2%2Fcomments&post=73637"}],"version-history":[{"count":1,"href":"https:\/\/zonaroja.com.mx\/index.php?rest_route=\/wp\/v2\/posts\/73637\/revisions"}],"predecessor-version":[{"id":73639,"href":"https:\/\/zonaroja.com.mx\/index.php?rest_route=\/wp\/v2\/posts\/73637\/revisions\/73639"}],"wp:featuredmedia":[{"embeddable":true,"href":"https:\/\/zonaroja.com.mx\/index.php?rest_route=\/wp\/v2\/media\/73638"}],"wp:attachment":[{"href":"https:\/\/zonaroja.com.mx\/index.php?rest_route=%2Fwp%2Fv2%2Fmedia&parent=73637"}],"wp:term":[{"taxonomy":"category","embeddable":true,"href":"https:\/\/zonaroja.com.mx\/index.php?rest_route=%2Fwp%2Fv2%2Fcategories&post=73637"},{"taxonomy":"post_tag","embeddable":true,"href":"https:\/\/zonaroja.com.mx\/index.php?rest_route=%2Fwp%2Fv2%2Ftags&post=73637"}],"curies":[{"name":"wp","href":"https:\/\/api.w.org\/{rel}","templated":true}]}}