{"id":73640,"date":"2024-10-20T18:52:13","date_gmt":"2024-10-21T00:52:13","guid":{"rendered":"https:\/\/zonaroja.com.mx\/?p=73640"},"modified":"2024-10-20T18:52:15","modified_gmt":"2024-10-21T00:52:15","slug":"muere-otro-joven-en-oaxaca-tras-ser-baleado","status":"publish","type":"post","link":"https:\/\/zonaroja.com.mx\/?p=73640","title":{"rendered":"Muere otro joven en Oaxaca, tras ser baleado"},"content":{"rendered":"\n<p>Raymundo Morales\/Zona Roja.<\/p>\n\n\n\n<p>Oaxaca de Ju\u00e1rez, Oax., a 20 de octubre de 2024.- Otro joven perdi\u00f3 la vida en Oaxaca, a causa de m\u00faltiples disparos de arma de fuego.<\/p>\n\n\n\n<p>La agresi\u00f3n armada ocurri\u00f3 la noche del viernes en un domicilio de la calle Rafael Ram\u00edrez, colona Educaci\u00f3n de la agencia de Santa Rosa Panzacola, municipio de Oaxaca de Ju\u00e1rez.<\/p>\n\n\n\n<p>Presuntamente al menos dos sujetos armados a bordo de una motocicleta descendieron e ingresaron al hogar, para disparar directamente en contra del individuo y tras lo cual darse a la fuga.<\/p>\n\n\n\n<p>Personal param\u00e9dico arrib\u00f3 al sitio y dio atenci\u00f3n a la v\u00edctima pero corrobor\u00f3 que ya no contaba con signos vitales; de manera preliminar fue identificado como David \u201cN\u201d.<\/p>\n\n\n\n<p>Posteriormente arribaron elementos peritos y agentes de investigaci\u00f3n de la Fiscal\u00eda General del Estado de Oaxaca, con la finalidad de iniciar las indagatorias para esclarecer el caso.<\/p>\n\n\n\n<p>Por otra parte, como Leonardo S. Z., de 41 a\u00f1os de edad, originario de San Pedro Ixtlahuaca, fue identificada la persona que muri\u00f3 el viernes a causa de impactos de arma de fuego, en San Francisco Telixtlahuaca.<\/p>\n\n\n\n<p>Como se inform\u00f3, el individuo, presuntamente indigente, atac\u00f3 con un arma blanca a un polic\u00eda municipal, mientras un grupo de uniformados brindaba seguridad a una carrera ciclista en la v\u00eda que conduce a La Carbonera.<\/p>\n\n\n\n<p>El oficial respondi\u00f3 a la agresi\u00f3n y dispar\u00f3 con su arma al hombre, quien malherido fue trasladado en una ambulancia a la ciudad de Oaxaca, pero falleci\u00f3 en el trayecto, debido a la gravedad de las lesiones.&nbsp;<\/p>\n\n\n\n<p>Hasta el momento no se ha informado si hay personas detenidas por este caso.<\/p>\n","protected":false},"excerpt":{"rendered":"<p>Raymundo Morales\/Zona Roja. Oaxaca de Ju\u00e1rez, Oax., a 20 de octubre de 2024.- Otro joven&hellip;<\/p>\n","protected":false},"author":2,"featured_media":73641,"comment_status":"closed","ping_status":"open","sticky":false,"template":"","format":"standard","meta":{"_lmt_disableupdate":"","_lmt_disable":"","_jetpack_memberships_contains_paid_content":false,"footnotes":""},"categories":[109,51],"tags":[148],"class_list":["post-73640","post","type-post","status-publish","format-standard","has-post-thumbnail","hentry","category-minuto-a-minuto","category-zona-roja","tag-oaxaca-de-juarez"],"jetpack_featured_media_url":"https:\/\/zonaroja.com.mx\/wp-content\/uploads\/2024\/10\/Escena-balazos-balas-policiaca.jpg","jetpack_sharing_enabled":true,"_links":{"self":[{"href":"https:\/\/zonaroja.com.mx\/index.php?rest_route=\/wp\/v2\/posts\/73640","targetHints":{"allow":["GET"]}}],"collection":[{"href":"https:\/\/zonaroja.com.mx\/index.php?rest_route=\/wp\/v2\/posts"}],"about":[{"href":"https:\/\/zonaroja.com.mx\/index.php?rest_route=\/wp\/v2\/types\/post"}],"author":[{"embeddable":true,"href":"https:\/\/zonaroja.com.mx\/index.php?rest_route=\/wp\/v2\/users\/2"}],"replies":[{"embeddable":true,"href":"https:\/\/zonaroja.com.mx\/index.php?rest_route=%2Fwp%2Fv2%2Fcomments&post=73640"}],"version-history":[{"count":1,"href":"https:\/\/zonaroja.com.mx\/index.php?rest_route=\/wp\/v2\/posts\/73640\/revisions"}],"predecessor-version":[{"id":73642,"href":"https:\/\/zonaroja.com.mx\/index.php?rest_route=\/wp\/v2\/posts\/73640\/revisions\/73642"}],"wp:featuredmedia":[{"embeddable":true,"href":"https:\/\/zonaroja.com.mx\/index.php?rest_route=\/wp\/v2\/media\/73641"}],"wp:attachment":[{"href":"https:\/\/zonaroja.com.mx\/index.php?rest_route=%2Fwp%2Fv2%2Fmedia&parent=73640"}],"wp:term":[{"taxonomy":"category","embeddable":true,"href":"https:\/\/zonaroja.com.mx\/index.php?rest_route=%2Fwp%2Fv2%2Fcategories&post=73640"},{"taxonomy":"post_tag","embeddable":true,"href":"https:\/\/zonaroja.com.mx\/index.php?rest_route=%2Fwp%2Fv2%2Ftags&post=73640"}],"curies":[{"name":"wp","href":"https:\/\/api.w.org\/{rel}","templated":true}]}}