{"id":73643,"date":"2024-10-20T20:24:10","date_gmt":"2024-10-21T02:24:10","guid":{"rendered":"https:\/\/zonaroja.com.mx\/?p=73643"},"modified":"2024-10-20T20:24:12","modified_gmt":"2024-10-21T02:24:12","slug":"mintio-la-fiscalia-de-sinaloa-en-caso-de-ex-rector-de-la-universidad","status":"publish","type":"post","link":"https:\/\/zonaroja.com.mx\/?p=73643","title":{"rendered":"Minti\u00f3 la Fiscal\u00eda de Sinaloa en caso de ex rector de la Universidad"},"content":{"rendered":"\n<p>Redacci\u00f3n\/Zona Roja Cdmx.<\/p>\n\n\n\n<p>Ciudad de M\u00e9xico, a 20 de octubre de 2024.- La Fiscal\u00eda General de la Rep\u00fablica (FGR) confirm\u00f3 que el exrector de la Universidad Aut\u00f3noma de Sinaloa, H\u00e9ctor Melesio Cu\u00e9n Ojeda, se encontraba en la misma finca donde Ismael \u201cEl Mayo\u201d Zambada fue secuestrado por Joaqu\u00edn Guzm\u00e1n L\u00f3pez, hijo del narcotraficante Joaqu\u00edn \u201cEl Chapo\u201d Guzm\u00e1n. Explic\u00f3 que en el lugar se encontraron huellas &nbsp;de &nbsp;sangre \u201ccorresponden al tiempo en el que se tiene establecido el momento de su homicidio\u201d.&nbsp;<\/p>\n\n\n\n<p>En finca ubicada en Huertos del Pedregal, Culiac\u00e1n, fueron hallados indicios hem\u00e1ticos que han sido determinados con toda precisi\u00f3n, por las unidades periciales federales, que corresponden al exrector de la Universidad Aut\u00f3noma de Sinaloa\u201d, se\u00f1ala en un comunicado.&nbsp;<\/p>\n\n\n\n<p>La FGR detalla que con ello se ratifica la informaci\u00f3n previamente obtenida, de que en el lugar del secuestro se encontraba dicha persona &nbsp;y &nbsp;que &nbsp;sus &nbsp;huellas &nbsp;de &nbsp;sangre &nbsp;corresponden al tiempo &nbsp;en el que el Ministerio P\u00fablico de la Federaci\u00f3n tiene establecido el momento de su homicidio, el cual ocurri\u00f3 \u201cmuchas horas\u201d antes del video de una gasolinera difundido localmente, el cual ya fue descalificado.&nbsp;<\/p>\n\n\n\n<p>La Fiscal\u00eda explic\u00f3 que como parte al avance sustancial en la investigaci\u00f3n del secuestro del \u201cMayo\u201d Zambada y del homicidio del exrector, lograron identificar que en la batea del veh\u00edculo que se utiliz\u00f3 en el \u201cmontaje\u201d de la gasolinera, se encontr\u00f3 sangre humana que corresponde a Rodolfo \u201cC\u201d, actualmente desaparecido e identificado como integrante del equipo de seguridad de Ismael Zambada.&nbsp;<\/p>\n\n\n\n<p>\u201cTambi\u00e9n, se obtuvo un video claro y preciso de lo confesado por el chofer del doctor H\u00e9ctor \u2018N\u2019, quien niega lo que \u00e9l mismo hab\u00eda declarado previamente ante autoridades locales, respecto a diversos momentos de la desaparici\u00f3n y muerte del doctor mencionado\u201d, agreg\u00f3.&nbsp;<\/p>\n\n\n\n<p>La FGR subray\u00f3 que todo lo anterior ratifica las investigaciones ministeriales y policiacas que determinaron las presuntas responsabilidades penales y administrativas de polic\u00edas, ministerios p\u00fablicos, peritos y personal diverso de la Fiscal\u00eda General del Estado de Sinaloa, quienes ya han sido investigados exhaustivamente respecto a su participaci\u00f3n en el caso de la muerte del exrector.&nbsp;<\/p>\n\n\n\n<p>\u201cDado que existe una situaci\u00f3n de rechazo por parte de un juez federal de Culiac\u00e1n, para conocer y determinar la aprehensi\u00f3n de los responsables, el Ministerio P\u00fablico de la Federaci\u00f3n presentar\u00e1 en los pr\u00f3ximos d\u00edas, ante un juez alternativo, todas las pruebas y diligencias que son procedentes\u201d, finaliz\u00f3.&nbsp;<\/p>\n\n\n\n<p>(Informaci\u00f3n de Pol\u00edtico.Mx)<\/p>\n","protected":false},"excerpt":{"rendered":"<p>Redacci\u00f3n\/Zona Roja Cdmx. Ciudad de M\u00e9xico, a 20 de octubre de 2024.- La Fiscal\u00eda General&hellip;<\/p>\n","protected":false},"author":2,"featured_media":71300,"comment_status":"closed","ping_status":"open","sticky":false,"template":"","format":"standard","meta":{"_lmt_disableupdate":"","_lmt_disable":"","_jetpack_memberships_contains_paid_content":false,"footnotes":""},"categories":[109,47],"tags":[4031,136],"class_list":["post-73643","post","type-post","status-publish","format-standard","has-post-thumbnail","hentry","category-minuto-a-minuto","category-zona-gris","tag-hector-melesio-cuen","tag-sinaloa"],"jetpack_featured_media_url":"https:\/\/zonaroja.com.mx\/wp-content\/uploads\/2024\/08\/Hector-Melesio-Cuen-caso-Mayo.jpg","jetpack_sharing_enabled":true,"_links":{"self":[{"href":"https:\/\/zonaroja.com.mx\/index.php?rest_route=\/wp\/v2\/posts\/73643","targetHints":{"allow":["GET"]}}],"collection":[{"href":"https:\/\/zonaroja.com.mx\/index.php?rest_route=\/wp\/v2\/posts"}],"about":[{"href":"https:\/\/zonaroja.com.mx\/index.php?rest_route=\/wp\/v2\/types\/post"}],"author":[{"embeddable":true,"href":"https:\/\/zonaroja.com.mx\/index.php?rest_route=\/wp\/v2\/users\/2"}],"replies":[{"embeddable":true,"href":"https:\/\/zonaroja.com.mx\/index.php?rest_route=%2Fwp%2Fv2%2Fcomments&post=73643"}],"version-history":[{"count":1,"href":"https:\/\/zonaroja.com.mx\/index.php?rest_route=\/wp\/v2\/posts\/73643\/revisions"}],"predecessor-version":[{"id":73644,"href":"https:\/\/zonaroja.com.mx\/index.php?rest_route=\/wp\/v2\/posts\/73643\/revisions\/73644"}],"wp:featuredmedia":[{"embeddable":true,"href":"https:\/\/zonaroja.com.mx\/index.php?rest_route=\/wp\/v2\/media\/71300"}],"wp:attachment":[{"href":"https:\/\/zonaroja.com.mx\/index.php?rest_route=%2Fwp%2Fv2%2Fmedia&parent=73643"}],"wp:term":[{"taxonomy":"category","embeddable":true,"href":"https:\/\/zonaroja.com.mx\/index.php?rest_route=%2Fwp%2Fv2%2Fcategories&post=73643"},{"taxonomy":"post_tag","embeddable":true,"href":"https:\/\/zonaroja.com.mx\/index.php?rest_route=%2Fwp%2Fv2%2Ftags&post=73643"}],"curies":[{"name":"wp","href":"https:\/\/api.w.org\/{rel}","templated":true}]}}