{"id":73654,"date":"2024-10-21T09:30:00","date_gmt":"2024-10-21T15:30:00","guid":{"rendered":"https:\/\/zonaroja.com.mx\/?p=73654"},"modified":"2024-10-21T08:15:21","modified_gmt":"2024-10-21T14:15:21","slug":"reprochan-la-onu-y-organizaciones-asesinato-de-sacerdote-en-chiapas","status":"publish","type":"post","link":"https:\/\/zonaroja.com.mx\/?p=73654","title":{"rendered":"Reprochan la ONU y organizaciones asesinato de sacerdote en Chiapas"},"content":{"rendered":"\n<p>Redacci\u00f3n\/Zona Roja Cdmx.<\/p>\n\n\n\n<p>Ciudad de M\u00e9xico, a 21 de octubre de 2024.- Organizaciones religiosas y defensoras de los derechos humanos, as\u00ed como partidos pol\u00edticos de oposici\u00f3n y sindicatos, condenaron el asesinato del padre Marcelo P\u00e9rez, quien, aseguraron, fue un ejemplo vivo del compromiso sacerdotal con los m\u00e1s necesitados y vulnerables de la sociedad. Se distingui\u00f3 por su cercan\u00eda con el pueblo y apoyo a quienes m\u00e1s lo necesitaban, afirm\u00f3 la Conferencia del Episcopado Mexicano (CEM).<\/p>\n\n\n\n<p>La Compa\u00f1\u00eda de Jes\u00fas lo record\u00f3 como un s\u00edmbolo de resistencia y acompa\u00f1amiento para las comunidades de Chiapas en la defensa de su dignidad, los derechos de los pueblos y la construcci\u00f3n de una paz verdadera. Durante d\u00e9cadas, su compromiso con la justicia y la solidaridad lo convirti\u00f3 en un referente para quienes anhelan un futuro sin violencia ni opresi\u00f3n, se\u00f1al\u00f3 el organismo.<\/p>\n\n\n\n<p>Despu\u00e9s del crimen cometido ayer en San Crist\u00f3bal de las Casas, Chiapas, Jes\u00fas Pe\u00f1a, representante adjunto en M\u00e9xico de la Oficina en M\u00e9xico del Alto Comisionado de Naciones Unidas para los Derechos Humanos (ONU-DH), calific\u00f3 de \u201cabsolutamente inaceptable\u201d el asesinato de Marcelo P\u00e9rez, cuya labor por los pueblos ind\u00edgenas era ampliamente reconocida en Chiapas y a escala internacional.<\/p>\n\n\n\n<p>Se\u00f1al\u00f3 que a pesar de contar con medidas de protecci\u00f3n y de las constantes denuncias sobre las agresiones que enfrentaba, esos esfuerzos resultaron insuficientes. Pe\u00f1a destac\u00f3 que desde 2018, la ONU-DH ha documentado al menos 134 asesinatos de defensores de derechos humanos con posibles nexos con su labor. En este a\u00f1o han sido siete, por lo menos.<\/p>\n\n\n\n<p>Otros organismos, como el Alto Comisionado de Naciones Unidas para los Refugiados (Acnur) y el Centro de Derechos Humanos Miguel Agust\u00edn Pro, tambi\u00e9n exigieron a las autoridades que realicen una investigaci\u00f3n exhaustiva, mientras la jerarqu\u00eda de la Iglesia cat\u00f3lica demand\u00f3 la aplicaci\u00f3n de medidas efectivas para garantizar la seguridad de los sacerdotes y agentes pastorales.<\/p>\n\n\n\n<p>En tanto, el dirigente nacional del PRI, Alejandro Moreno, consider\u00f3 que el sacerdote fue \u201cv\u00edctima de la violencia desmedida que enfrenta nuestro pa\u00eds\u201d. El dirigente del PAN, Marko Cort\u00e9s, expres\u00f3 la solidaridad de este partido con la comunidad religiosa y pidi\u00f3 \u201cuna estrategia integral contra la violencia sin control en la naci\u00f3n\u201d.<\/p>\n\n\n\n<p>El p\u00e1rroco Marcelo P\u00e9rez P\u00e9rez estuvo siempre al lado de los desprotegidos y en defensa de las causas sociales, agreg\u00f3 el Comit\u00e9 Ejecutivo de la secci\u00f3n VII de la Coordinadora Nacional de Trabajadores de la Educaci\u00f3n.<\/p>\n\n\n\n<p>(Informaci\u00f3n de \u201cLa Jornada\u201d)<\/p>\n","protected":false},"excerpt":{"rendered":"<p>Redacci\u00f3n\/Zona Roja Cdmx. Ciudad de M\u00e9xico, a 21 de octubre de 2024.- Organizaciones religiosas y&hellip;<\/p>\n","protected":false},"author":2,"featured_media":73655,"comment_status":"closed","ping_status":"open","sticky":false,"template":"","format":"standard","meta":{"_lmt_disableupdate":"","_lmt_disable":"","_jetpack_memberships_contains_paid_content":false,"footnotes":""},"categories":[109,47],"tags":[4091],"class_list":["post-73654","post","type-post","status-publish","format-standard","has-post-thumbnail","hentry","category-minuto-a-minuto","category-zona-gris","tag-sacerdote-marcelo-perez"],"jetpack_featured_media_url":"https:\/\/zonaroja.com.mx\/wp-content\/uploads\/2024\/10\/Sacerdote-Marcelo-Perez-Chiapas.webp","jetpack_sharing_enabled":true,"_links":{"self":[{"href":"https:\/\/zonaroja.com.mx\/index.php?rest_route=\/wp\/v2\/posts\/73654","targetHints":{"allow":["GET"]}}],"collection":[{"href":"https:\/\/zonaroja.com.mx\/index.php?rest_route=\/wp\/v2\/posts"}],"about":[{"href":"https:\/\/zonaroja.com.mx\/index.php?rest_route=\/wp\/v2\/types\/post"}],"author":[{"embeddable":true,"href":"https:\/\/zonaroja.com.mx\/index.php?rest_route=\/wp\/v2\/users\/2"}],"replies":[{"embeddable":true,"href":"https:\/\/zonaroja.com.mx\/index.php?rest_route=%2Fwp%2Fv2%2Fcomments&post=73654"}],"version-history":[{"count":1,"href":"https:\/\/zonaroja.com.mx\/index.php?rest_route=\/wp\/v2\/posts\/73654\/revisions"}],"predecessor-version":[{"id":73656,"href":"https:\/\/zonaroja.com.mx\/index.php?rest_route=\/wp\/v2\/posts\/73654\/revisions\/73656"}],"wp:featuredmedia":[{"embeddable":true,"href":"https:\/\/zonaroja.com.mx\/index.php?rest_route=\/wp\/v2\/media\/73655"}],"wp:attachment":[{"href":"https:\/\/zonaroja.com.mx\/index.php?rest_route=%2Fwp%2Fv2%2Fmedia&parent=73654"}],"wp:term":[{"taxonomy":"category","embeddable":true,"href":"https:\/\/zonaroja.com.mx\/index.php?rest_route=%2Fwp%2Fv2%2Fcategories&post=73654"},{"taxonomy":"post_tag","embeddable":true,"href":"https:\/\/zonaroja.com.mx\/index.php?rest_route=%2Fwp%2Fv2%2Ftags&post=73654"}],"curies":[{"name":"wp","href":"https:\/\/api.w.org\/{rel}","templated":true}]}}