{"id":73657,"date":"2024-10-21T10:30:00","date_gmt":"2024-10-21T16:30:00","guid":{"rendered":"https:\/\/zonaroja.com.mx\/?p=73657"},"modified":"2024-10-21T10:53:38","modified_gmt":"2024-10-21T16:53:38","slug":"opinion-pais-surrealista-el-ejercito-se-volvio-constructor-y-la-justicia-es-una-tombola","status":"publish","type":"post","link":"https:\/\/zonaroja.com.mx\/?p=73657","title":{"rendered":"Opini\u00f3n. Pa\u00eds surrealista: el Ej\u00e9rcito se volvi\u00f3 constructor y la justicia es una t\u00f3mbola"},"content":{"rendered":"\n<p>Ismael Garc\u00eda M.\/Zona Roja.<\/p>\n\n\n\n<p>Oaxaca, Oax., a 21 de octubre de 2024.- Sin dem\u00e9rito de los logros morenistas alcanzados en el sexenio anterior, M\u00e9xico se ha convertido en un pa\u00eds surrealista y ha logrado ser objeto de sorna por todas partes.<\/p>\n\n\n\n<p>No falta raz\u00f3n a muchos mexicanos, a pol\u00edticos de oposici\u00f3n y a las autoridades de otras naciones, cuando se mofan del sistema de justicia y del m\u00e9todo de elecci\u00f3n de los juzgadores, que ahora est\u00e1 echada pr\u00e1cticamente a la suerte y no a las leyes.<\/p>\n\n\n\n<p>Una t\u00f3mbola, s\u00ed, una t\u00f3mbola ha servido para designar qui\u00e9nes se ir\u00e1n de los cargos de jueces y magistrados del Poder Judicial de la Federaci\u00f3n. Pero ademas, ser\u00e1 el supuesto \u201cvoto\u201d popular mediante el cual se elegir\u00e1n a los sustitutos, as\u00ed tengan o no experiencia profesional. <\/p>\n\n\n\n<p>Pero por si fuera poco, mientras el pa\u00eds se torna cada vez m\u00e1s sangriento, los elementos del Ej\u00e9rcito Mexicano se han vuelto todo, incluyendo constructores y bacheadores, menos garantes de la paz del territorio mexicano.<\/p>\n\n\n\n<p>Y las fuerzas del orden creadas para garantizar la seguridad en el pa\u00eds, la famosa Guardia Nacional, es ahora un grupo militar, pero que tampoco ha servido para garantizar el orden.<\/p>\n\n\n\n<p>Mientras tanto en el pa\u00eds la violencia criminal se extiende, a la par de la expansi\u00f3n de los grupos delictivos, al grado de alcanzar ya a los sacerdotes y a los medios de comunicaci\u00f3n. S\u00f3lo faltan las explosiones de coches-bomba, al estilo de Colombia y sus c\u00e1rteles.<\/p>\n\n\n\n<p>JUSTICIA DE CABEZA<\/p>\n\n\n\n<p>Como lo hemos dicho, la necedad y la sed de venganza \u2014por haberle echado abajo algunas enmiendas constitucionales\u2014 del entonces Presidente L\u00f3pez Obrador pudo m\u00e1s que la raz\u00f3n y la justicia.<\/p>\n\n\n\n<p>Desde hace mucho transform\u00f3 el Instituto Nacional Electoral a su gusto y luego en diversas ocasiones intent\u00f3 transformar a sus caprichos al Poder Judicial de la Federaci\u00f3n.<\/p>\n\n\n\n<p>Se top\u00f3 con muchos imponderables y le encarg\u00f3 la tarea a su sucesora Claudia Sheinbaum y a la siguiente Legislatura federal.<\/p>\n\n\n\n<p>Las indicaciones fueron cumplidas al pie de la letra y ya con mayor\u00eda \u2014que incluy\u00f3 la compra de diputados y senadores\u2014, la C\u00e1mara de Diputados y el Senado, adem\u00e1s de las legislaturas locales, avalaron la reforma a dicho poder, desde los primeros d\u00edas de septiembre.<\/p>\n\n\n\n<p>Luego de ello el Legislativo determin\u00f3 que jueces y magistrados debieran ser echados \u00a1mediante una t\u00f3mbola!; es decir, echar el futuro de un profesionista judicial literalmente a la suerte. Un acto risible en pleno Senado, que hasta las bolas del sorteo se les cayeron. <\/p>\n\n\n\n<p>Pero eso no ha sido suficiente para frenar la ola de protestas y paro de labores de por lo menos dos meses, por parte de trabajadores judiciales y jueces; apenas la semana pasada \u00e9stos decidieron continuar con la manifestaci\u00f3n.<\/p>\n\n\n\n<p>El resultado es una par\u00e1lisis en el sistema de administraci\u00f3n de justicia, sin que hasta el momento haya una soluci\u00f3n a esa problem\u00e1tica; tampoco se han enmendado los m\u00faltiples errores legales y de procedimiento cometidos en la apresurada reforma judicial.<\/p>\n\n\n\n<p>Y lo peor: ni siquiera se ha hablado de una reforma al sistema de procuraci\u00f3n de justicia, es decir a las fiscal\u00edas y procuradur\u00edas federal y estatales, pues de ah\u00ed depende mucho de la verdadera transformaci\u00f3n del sistema integral de justicia.<\/p>\n\n\n\n<p>En el colmo, un egresado de la Facultad de Derecho podr\u00e1 ser el pr\u00f3ximo juez o magistrado del pa\u00eds, menospreciando totalmente la experiencia y los conocimientos en materia de leyes.<\/p>\n\n\n\n<p>SEGURIDAD DE CABEZA<\/p>\n\n\n\n<p>Y si la administraci\u00f3n de justicia est\u00e1 de cabeza, la seguridad no se queda atr\u00e1s, pues el crimen organizado extiende, d\u00eda con d\u00eda, sus tent\u00e1culos hacia todo el territorio mexicano, ante la pasividad del Ej\u00e9rcito y la Guardia Nacional.<\/p>\n\n\n\n<p>S\u00f3lo dos ejemplos de ello: Sinaloa lleva casi dos meses de guerra entre grupos del narcotr\u00e1fico, con m\u00e1s de 200 muertos y m\u00faltiples bloqueos y robos de veh\u00edculos, y no pasa nada.<\/p>\n\n\n\n<p>La Federaci\u00f3n envi\u00f3 alrededor de mil elementos castrenses pero como si no los hubiera, pues no hay manera de frenar los delitos, que ahora ha alcanzado a un peri\u00f3dico, \u201cEl Debate\u201d, al que primero tirotearon su inmueble y despu\u00e9s secuestraron a un trabajador.<\/p>\n\n\n\n<p>En el colmo, un gobernador mentiroso, Rub\u00e9n Rocha Moya, que a trav\u00e9s de la fiscal\u00eda local orden\u00f3 un montaje para desvirtuar el asesinato del ex rector de la Universidad de Sinaloa, H\u00e9ctor Melesio Cu\u00e9n. Y como es del partido Morena, pues el mandatario seguir\u00e1 impune.<\/p>\n\n\n\n<p>Otro: Chiapas desde hace mucho sufre el embate de grupos del crimen organizado, que extienden con intensa violencia, el control de territorios ind\u00edgenas. Pero nadie hace nada.<\/p>\n\n\n\n<p>En el colmo, este domingo 20 de octubre asesinaron al sacerdote Marcelo P\u00e9rez, cuando sal\u00eda de presidir una misa; era activista, defensor de derechos y hab\u00eda alzado la voz en contra de la grave inseguridad. Por eso lo mataron.<\/p>\n\n\n\n<p>Pero todos los d\u00edas hay noticias criminales en ese estado vecino con Chiapas e incluso han reclutado a la gente para servir al crimen organizado, sin que puedan tener otra alternativa\u2026 o alguien que los defienda.<\/p>\n\n\n\n<p>Mientras tanto el Ej\u00e9rcito y la Marina tiene cada vez m\u00e1s atribuciones, como la construcci\u00f3n de aeropuertos, carreteras y hospitales, adem\u00e1s de vigilancia de puertos, aeropuertos y aduanas. <\/p>\n\n\n\n<p>El pasado 8 de octubre, la Presidenta Claudia Sheinbaum present\u00f3 la estrategia de seguridad que implementar\u00e1 durante su sexenio y cuya m\u00e1xima es: \u201cno regresar\u00e1 la guerra de Calder\u00f3n contra el narco\u201d.<\/p>\n\n\n\n<p>Propuso cuatro ejes, entre ellos el fortalecimiento de la Guardia Nacional, acciones de prevenci\u00f3n \u2014que incluye la realizaci\u00f3n de tequios comunitarios\u2014, adem\u00e1s de anunciar la creaci\u00f3n del Sistema Nacional de Inteligencia; la subsecretar\u00eda de Inteligencia e Investigaci\u00f3n Policial y la subsecretar\u00eda de Prevenci\u00f3n en la Secretar\u00eda de Seguridad.<\/p>\n\n\n\n<p>Sin embargo, aunque dice que no regresar\u00e1 la guerra contra el narcotr\u00e1fico, la Presidenta no detalla en absoluto c\u00f3mo enfrentar\u00e1 a los poderosos c\u00e1rteles que d\u00eda con d\u00eda doblegan a las autoridades de los tres niveles de gobierno e incluso ya incursionan en puestos de poder.<\/p>\n\n\n\n<p>La periodista Peniley Ram\u00edrez, que ha dado seguimiento a temas de seguridad y publica en el diario \u201cReforma\u201d, entre otros medios, hizo un an\u00e1lisis de la propuesta presidencial.<\/p>\n\n\n\n<p>\u201cCuando la le\u00ed, me pareci\u00f3 que hab\u00eda t\u00e9rminos y y medidas que ya hab\u00eda visto antes. As\u00ed que analic\u00e9 la estrategia de Sheinbaum compar\u00e1ndola con la de Calder\u00f3n. Encontr\u00e9 similitudes alarmantes\u201d, detall\u00f3.<\/p>\n\n\n\n<p>Entre ellas, que el actual secretario de Seguridad, Omar Garc\u00eda Harfuch, ha trabajado en ese rubro desde el sexenio del panista Felipe Calder\u00f3n, luego con Enrique Pe\u00f1a Nieto y despu\u00e9s en la Ciudad de M\u00e9xico con Claudia Sheinbaum, donde ha habido reiterados se\u00f1alamientos en su contra acerca de su posible relaci\u00f3n con el crimen organizado.<\/p>\n\n\n\n<p>Entonces no hay nada nuevo. No hay una mejor propuesta para frenar la ola delictiva. As\u00ed que, como dec\u00edan los abuelos, que Dios nos agarre confesados.<\/p>\n","protected":false},"excerpt":{"rendered":"<p>Ismael Garc\u00eda M.\/Zona Roja. Oaxaca, Oax., a 21 de octubre de 2024.- Sin dem\u00e9rito de&hellip;<\/p>\n","protected":false},"author":2,"featured_media":67764,"comment_status":"closed","ping_status":"open","sticky":false,"template":"","format":"standard","meta":{"_lmt_disableupdate":"","_lmt_disable":"","_jetpack_memberships_contains_paid_content":false,"footnotes":""},"categories":[456,109,48],"tags":[1353],"class_list":["post-73657","post","type-post","status-publish","format-standard","has-post-thumbnail","hentry","category-columna","category-minuto-a-minuto","category-zona-critica","tag-opinion-zona-critica"],"jetpack_featured_media_url":"https:\/\/zonaroja.com.mx\/wp-content\/uploads\/2024\/04\/Opinion-Zona-Roja-Ismael-Garcia.jpg","jetpack_sharing_enabled":true,"_links":{"self":[{"href":"https:\/\/zonaroja.com.mx\/index.php?rest_route=\/wp\/v2\/posts\/73657","targetHints":{"allow":["GET"]}}],"collection":[{"href":"https:\/\/zonaroja.com.mx\/index.php?rest_route=\/wp\/v2\/posts"}],"about":[{"href":"https:\/\/zonaroja.com.mx\/index.php?rest_route=\/wp\/v2\/types\/post"}],"author":[{"embeddable":true,"href":"https:\/\/zonaroja.com.mx\/index.php?rest_route=\/wp\/v2\/users\/2"}],"replies":[{"embeddable":true,"href":"https:\/\/zonaroja.com.mx\/index.php?rest_route=%2Fwp%2Fv2%2Fcomments&post=73657"}],"version-history":[{"count":2,"href":"https:\/\/zonaroja.com.mx\/index.php?rest_route=\/wp\/v2\/posts\/73657\/revisions"}],"predecessor-version":[{"id":73662,"href":"https:\/\/zonaroja.com.mx\/index.php?rest_route=\/wp\/v2\/posts\/73657\/revisions\/73662"}],"wp:featuredmedia":[{"embeddable":true,"href":"https:\/\/zonaroja.com.mx\/index.php?rest_route=\/wp\/v2\/media\/67764"}],"wp:attachment":[{"href":"https:\/\/zonaroja.com.mx\/index.php?rest_route=%2Fwp%2Fv2%2Fmedia&parent=73657"}],"wp:term":[{"taxonomy":"category","embeddable":true,"href":"https:\/\/zonaroja.com.mx\/index.php?rest_route=%2Fwp%2Fv2%2Fcategories&post=73657"},{"taxonomy":"post_tag","embeddable":true,"href":"https:\/\/zonaroja.com.mx\/index.php?rest_route=%2Fwp%2Fv2%2Ftags&post=73657"}],"curies":[{"name":"wp","href":"https:\/\/api.w.org\/{rel}","templated":true}]}}