{"id":73659,"date":"2024-10-21T11:31:00","date_gmt":"2024-10-21T17:31:00","guid":{"rendered":"https:\/\/zonaroja.com.mx\/?p=73659"},"modified":"2024-10-21T09:32:47","modified_gmt":"2024-10-21T15:32:47","slug":"cubanos-con-tercer-dia-de-apagones-generalizados","status":"publish","type":"post","link":"https:\/\/zonaroja.com.mx\/?p=73659","title":{"rendered":"Cubanos, con tercer d\u00eda de apagones generalizados"},"content":{"rendered":"\n<p>Redacci\u00f3n\/Zona Roja Cdmx.<\/p>\n\n\n\n<p>Ciudad de M\u00e9xico, a 21 de octubre de 2024.- Muchos cubanos esperaban angustiados y algunos salieron a las calles en protesta mientras los apagones generalizados se prolongaban hasta su tercer d\u00eda. Sus preocupaciones aumentaron cuando el hurac\u00e1n Oscar azot\u00f3 la costa oriental de Cuba con vientos y fuertes lluvias.<\/p>\n\n\n\n<p>En Santo Su\u00e1rez, parte de un populoso barrio del suroeste de La Habana, la gente sali\u00f3 a las calles golpeando cacerolas y sartenes en protesta el domingo por la noche.<\/p>\n\n\n\n<p>\u201cNo hemos tenido electricidad durante tres noches y nuestra comida se est\u00e1 pudriendo. Cuatro d\u00edas sin electricidad es un abuso para los ni\u00f1os\u201d, dijo a The Associated Press Mary Karla, una residente que tiene tres hijos y no quiso dar su apellido.<\/p>\n\n\n\n<p>Los manifestantes, que dicen que tampoco tienen agua, bloquearon la calle con basura.<\/p>\n\n\n\n<p>El ministro de Energ\u00eda, Vicente de la O Levy, dijo en una conferencia de prensa que espera que la red el\u00e9ctrica se restablezca el lunes o martes por la ma\u00f1ana.<\/p>\n\n\n\n<p>Pero advirti\u00f3 que Oscar, que toc\u00f3 tierra en la costa oriental la noche del domingo, traer\u00e1 \u201cun inconveniente adicional\u201d a la recuperaci\u00f3n de Cuba, pues tocar\u00e1 una \u201cregi\u00f3n de fuerte generaci\u00f3n (el\u00e9ctrica)\u201d. En la zona se ubican importantes centrales el\u00e9ctricas cubanas, como Felton, en la ciudad de Holgu\u00edn, y Rent\u00e9, en Santiago de Cuba.<\/p>\n\n\n\n<p>Posteriormente, Oscar se debilit\u00f3 a tormenta tropical, pero se pronostica que sus efectos persistir\u00e1n en la isla hasta el lunes.<\/p>\n\n\n\n<p>En algunos barrios de la capital cubana, donde viven dos millones de personas, se restableci\u00f3 el suministro el\u00e9ctrico, pero la mayor parte de La Habana permaneci\u00f3 a oscuras. El impacto del apag\u00f3n va m\u00e1s all\u00e1 de la iluminaci\u00f3n, ya que servicios como el suministro de agua tambi\u00e9n dependen de la electricidad para hacer funcionar las bombas.<\/p>\n\n\n\n<p>La gente recurri\u00f3 a cocinar con estufas de le\u00f1a improvisadas en las calles antes de que la comida se echara a perder en los refrigeradores.<\/p>\n\n\n\n<p>La falla de la planta Antonio Guiteras el viernes, que provoc\u00f3 el colapso de todo el sistema de la isla, fue s\u00f3lo el \u00faltimo de una serie de problemas con la distribuci\u00f3n de energ\u00eda en un pa\u00eds donde la electricidad ha sido restringida y rotada a diferentes regiones en diferentes horas del d\u00eda. El estado de las otras plantas el\u00e9ctricas de Cuba no estaba claro.<\/p>\n\n\n\n<p>El domingo la gente hizo cola durante horas para comprar pan en las pocas panader\u00edas que pudieron reabrir.<\/p>\n\n\n\n<p>El apag\u00f3n fue considerado el peor que ha sufrido Cuba desde que el hurac\u00e1n Ian azot\u00f3 la isla como tormenta de categor\u00eda 3 en 2022 y da\u00f1\u00f3 instalaciones el\u00e9ctricas. El gobierno tard\u00f3 d\u00edas en repararlas. Este a\u00f1o, algunas viviendas han pasado hasta ocho horas diarias sin electricidad.<\/p>\n\n\n\n<p>El gobierno cubano hab\u00eda dicho el s\u00e1bado que se hab\u00eda restablecido parte del suministro el\u00e9ctrico, pero los 500 megavatios de energ\u00eda de la red el\u00e9ctrica de la isla, muy por debajo de los 3 gigavatios que necesita habitualmente, hab\u00edan disminuido r\u00e1pidamente a 370 megavatios.<\/p>\n\n\n\n<p>(Informaci\u00f3n de Infobae M\u00e9xico)<\/p>\n","protected":false},"excerpt":{"rendered":"<p>Redacci\u00f3n\/Zona Roja Cdmx. Ciudad de M\u00e9xico, a 21 de octubre de 2024.- Muchos cubanos esperaban&hellip;<\/p>\n","protected":false},"author":2,"featured_media":73660,"comment_status":"closed","ping_status":"open","sticky":false,"template":"","format":"standard","meta":{"_lmt_disableupdate":"","_lmt_disable":"","_jetpack_memberships_contains_paid_content":false,"footnotes":""},"categories":[109,47],"tags":[4092],"class_list":["post-73659","post","type-post","status-publish","format-standard","has-post-thumbnail","hentry","category-minuto-a-minuto","category-zona-gris","tag-apagones-cuba"],"jetpack_featured_media_url":"https:\/\/zonaroja.com.mx\/wp-content\/uploads\/2024\/10\/Apagones-Cuba.jpg","jetpack_sharing_enabled":true,"_links":{"self":[{"href":"https:\/\/zonaroja.com.mx\/index.php?rest_route=\/wp\/v2\/posts\/73659","targetHints":{"allow":["GET"]}}],"collection":[{"href":"https:\/\/zonaroja.com.mx\/index.php?rest_route=\/wp\/v2\/posts"}],"about":[{"href":"https:\/\/zonaroja.com.mx\/index.php?rest_route=\/wp\/v2\/types\/post"}],"author":[{"embeddable":true,"href":"https:\/\/zonaroja.com.mx\/index.php?rest_route=\/wp\/v2\/users\/2"}],"replies":[{"embeddable":true,"href":"https:\/\/zonaroja.com.mx\/index.php?rest_route=%2Fwp%2Fv2%2Fcomments&post=73659"}],"version-history":[{"count":1,"href":"https:\/\/zonaroja.com.mx\/index.php?rest_route=\/wp\/v2\/posts\/73659\/revisions"}],"predecessor-version":[{"id":73661,"href":"https:\/\/zonaroja.com.mx\/index.php?rest_route=\/wp\/v2\/posts\/73659\/revisions\/73661"}],"wp:featuredmedia":[{"embeddable":true,"href":"https:\/\/zonaroja.com.mx\/index.php?rest_route=\/wp\/v2\/media\/73660"}],"wp:attachment":[{"href":"https:\/\/zonaroja.com.mx\/index.php?rest_route=%2Fwp%2Fv2%2Fmedia&parent=73659"}],"wp:term":[{"taxonomy":"category","embeddable":true,"href":"https:\/\/zonaroja.com.mx\/index.php?rest_route=%2Fwp%2Fv2%2Fcategories&post=73659"},{"taxonomy":"post_tag","embeddable":true,"href":"https:\/\/zonaroja.com.mx\/index.php?rest_route=%2Fwp%2Fv2%2Ftags&post=73659"}],"curies":[{"name":"wp","href":"https:\/\/api.w.org\/{rel}","templated":true}]}}