{"id":7366,"date":"2020-01-06T18:51:25","date_gmt":"2020-01-07T00:51:25","guid":{"rendered":"http:\/\/www.zonaroja.com.mx\/?p=7366"},"modified":"2020-01-06T18:51:29","modified_gmt":"2020-01-07T00:51:29","slug":"siete-personas-reportadas-como-desaparecidas-en-los-primeros-dias-del-2020","status":"publish","type":"post","link":"https:\/\/zonaroja.com.mx\/?p=7366","title":{"rendered":"Siete personas reportadas como desaparecidas, en los primeros d\u00edas del 2020"},"content":{"rendered":"\n<p>Evlin\nArag\u00f3n\/Zona Roja.<\/p>\n\n\n\n<p>Oaxaca\nde Ju\u00e1rez, Oax., 6 de enero de 2020.- Roxana Gonz\u00e1lez Aquino, de 15 a\u00f1os de\nedad, sali\u00f3 este lunes temprano de su domicilio, en Barrio San Antonio del\nmunicipio de Zimatl\u00e1n de \u00c1lvarez, Oaxaca, y al momento no se sabe de ella.<\/p>\n\n\n\n<p>Cuando\nparti\u00f3, vest\u00eda pantal\u00f3n de mezclilla, blusa de manga corta, tenis y llevaba una\nmochila bordada, de color negro.<\/p>\n\n\n\n<p>Con\nel caso de Roxana, en los primeros seis d\u00edas del a\u00f1o 2020 suman siete personas reportadas\nen esta situaci\u00f3n de manera oficial, de acuerdo con las fichas expuestas por la\nUnidad de B\u00fasqueda de Personas Desaparecidas y No Localizadas, dependiente de\nla Fiscal\u00eda General del Estado de Oaxaca.<\/p>\n\n\n\n<p>Entre\notros casos, se encuentra el de Margarita Hern\u00e1ndez Cuevas, de 43 a\u00f1os de edad,\nquien fue vista por \u00faltima el 1 de enero en el barrio El Pajarito del municipio\nde Zimatl\u00e1n de \u00c1lvarez; Nadia Ivonne L\u00f3pez Aquino, de 17 a\u00f1os de edad, de quien\nse perdi\u00f3 el rastro el pasado 3 de enero, frente de la Escuela Secundaria\nT\u00e9cnica 86 ubicada en Puerto Escondido.<\/p>\n\n\n\n<p>Mientras\nque Marco Antonio God\u00ednez Contreras de 31 a\u00f1os de edad, fue visto por \u00faltima\nvez el 16 de diciembre del 2019 en Santiago Ap\u00f3stol, y Adalio Cruz Cruz de 76\na\u00f1os de edad desapareci\u00f3 el 31 de diciembre pasado en Ixtl\u00e1n de Ju\u00e1rez, en la\nSierra de Oaxaca.<\/p>\n\n\n\n<p>Benjam\u00edn\nCruz P\u00e9rez, de 18 a\u00f1os de edad, fue visto por \u00faltima vez el 31 de diciembre\npasado en inmediaciones de la Central de Abasto, en el municipio de Oaxaca de\nJu\u00e1rez; mientras que Arturo Mart\u00ednez Carrasco, de 28 a\u00f1os de edad, desapareci\u00f3\ndesde el 23 de noviembre del 2019, en el centro de Juchit\u00e1n de Zaragoza, en la\nregi\u00f3n del Istmo.<\/p>\n\n\n\n<p>De\nacuerdo con el recuento realizado por este medio, en diciembre del a\u00f1o pasado,\n24 personas dentro de ellas 11 menores de edad permanec\u00edan como no localizadas\no desaparecidas, luego de ser vistas por \u00faltima vez durante el mes de diciembre\ndel 2019 en territorio oaxaque\u00f1o.&nbsp; <\/p>\n\n\n\n<p>Apenas\nel pasado 1 de enero integrantes del Colectivo Oaxaque\u00f1os Unidos Exigiendo\nJusticia y Caminos A. C., iniciaron el a\u00f1o con una protesta pac\u00edfica en la\ncapital de Oaxaca para exigir la aparici\u00f3n con vida de sus familiares\ndesaparecidos, que se cuentan por decenas en la entidad. <\/p>\n","protected":false},"excerpt":{"rendered":"<p>Evlin Arag\u00f3n\/Zona Roja. Oaxaca de Ju\u00e1rez, Oax., 6 de enero de 2020.- Roxana Gonz\u00e1lez Aquino,&hellip;<\/p>\n","protected":false},"author":2,"featured_media":7367,"comment_status":"closed","ping_status":"open","sticky":false,"template":"","format":"standard","meta":{"_lmt_disableupdate":"","_lmt_disable":"","_jetpack_memberships_contains_paid_content":false,"footnotes":""},"categories":[109,47],"tags":[1222],"class_list":["post-7366","post","type-post","status-publish","format-standard","has-post-thumbnail","hentry","category-minuto-a-minuto","category-zona-gris","tag-unidad-de-personas-desaparecidas-y-no-localizadas"],"jetpack_featured_media_url":"https:\/\/zonaroja.com.mx\/wp-content\/uploads\/2020\/01\/desaparecidas.jpg","jetpack_sharing_enabled":true,"_links":{"self":[{"href":"https:\/\/zonaroja.com.mx\/index.php?rest_route=\/wp\/v2\/posts\/7366","targetHints":{"allow":["GET"]}}],"collection":[{"href":"https:\/\/zonaroja.com.mx\/index.php?rest_route=\/wp\/v2\/posts"}],"about":[{"href":"https:\/\/zonaroja.com.mx\/index.php?rest_route=\/wp\/v2\/types\/post"}],"author":[{"embeddable":true,"href":"https:\/\/zonaroja.com.mx\/index.php?rest_route=\/wp\/v2\/users\/2"}],"replies":[{"embeddable":true,"href":"https:\/\/zonaroja.com.mx\/index.php?rest_route=%2Fwp%2Fv2%2Fcomments&post=7366"}],"version-history":[{"count":1,"href":"https:\/\/zonaroja.com.mx\/index.php?rest_route=\/wp\/v2\/posts\/7366\/revisions"}],"predecessor-version":[{"id":7368,"href":"https:\/\/zonaroja.com.mx\/index.php?rest_route=\/wp\/v2\/posts\/7366\/revisions\/7368"}],"wp:featuredmedia":[{"embeddable":true,"href":"https:\/\/zonaroja.com.mx\/index.php?rest_route=\/wp\/v2\/media\/7367"}],"wp:attachment":[{"href":"https:\/\/zonaroja.com.mx\/index.php?rest_route=%2Fwp%2Fv2%2Fmedia&parent=7366"}],"wp:term":[{"taxonomy":"category","embeddable":true,"href":"https:\/\/zonaroja.com.mx\/index.php?rest_route=%2Fwp%2Fv2%2Fcategories&post=7366"},{"taxonomy":"post_tag","embeddable":true,"href":"https:\/\/zonaroja.com.mx\/index.php?rest_route=%2Fwp%2Fv2%2Ftags&post=7366"}],"curies":[{"name":"wp","href":"https:\/\/api.w.org\/{rel}","templated":true}]}}