{"id":73663,"date":"2024-10-21T14:25:59","date_gmt":"2024-10-21T20:25:59","guid":{"rendered":"https:\/\/zonaroja.com.mx\/?p=73663"},"modified":"2024-10-21T14:26:01","modified_gmt":"2024-10-21T20:26:01","slug":"recibe-el-congreso-de-oaxaca-recibe-minutas-sobre-reformas-en-transporte-ferroviario","status":"publish","type":"post","link":"https:\/\/zonaroja.com.mx\/?p=73663","title":{"rendered":"Recibe el Congreso de Oaxaca recibe minutas sobre reformas en transporte ferroviario"},"content":{"rendered":"\n<p>Redacci\u00f3n\/Zona Roja.&nbsp;<\/p>\n\n\n\n<p>Oaxaca de Ju\u00e1rez, Oax., a 21 de octubre de 2024.- La Diputaci\u00f3n Permanente de la 65 Legislatura local sesion\u00f3 este lunes de manera extraordinaria, en la que notific\u00f3 la recepci\u00f3n de dos minutas sobre reformas constitucionales en materia de \u00e1reas y empresas estrat\u00e9gicas; y de v\u00edas y transporte ferroviario, remitidas por el Congreso de la Uni\u00f3n.<\/p>\n\n\n\n<p>Ambas minutas con proyecto de decreto, por el que se reforman los art\u00edculos 25, 27 y 28 de la Constituci\u00f3n Pol\u00edtica de los Estados Unidos Mexicanos, respectivamente, fueron turnadas a la Comisi\u00f3n Permanente de Estudios Constitucionales del Congreso de Oaxaca, para su estudio y dictaminaci\u00f3n correspondiente.<\/p>\n\n\n\n<p>Ello, de conformidad con el art\u00edculo 135 constitucional que establece que la Constituci\u00f3n federal puede ser adicionada o reformada, y \u201cpara que las adiciones o reformas lleguen a ser parte de la misma, se requiere que el Congreso de la Uni\u00f3n, por el voto de las dos terceras partes de los individuos presentes, acuerde las reformas o adiciones, y que \u00e9stas sean aprobadas por la mayor\u00eda de las Legislaturas de los estados mediante el voto de las dos terceras partes de sus integrantes presentes en la sesi\u00f3n correspondiente\u201d.<\/p>\n\n\n\n<p>Por otra parte, la Diputaci\u00f3n Permanente tambi\u00e9n aprob\u00f3 la convocatoria al quinto periodo extraordinario de sesiones correspondiente al tercer a\u00f1o de ejercicio constitucional de la LXV Legislatura local.<\/p>\n\n\n\n<p>Por consiguiente, se cita al pleno a sesi\u00f3n extraordinaria programada para el 22 de octubre del presente a\u00f1o, a las 11:00 horas.<\/p>\n","protected":false},"excerpt":{"rendered":"<p>Redacci\u00f3n\/Zona Roja.&nbsp; Oaxaca de Ju\u00e1rez, Oax., a 21 de octubre de 2024.- La Diputaci\u00f3n Permanente&hellip;<\/p>\n","protected":false},"author":2,"featured_media":73664,"comment_status":"closed","ping_status":"open","sticky":false,"template":"","format":"standard","meta":{"_lmt_disableupdate":"","_lmt_disable":"","_jetpack_memberships_contains_paid_content":false,"footnotes":""},"categories":[109,46],"tags":[2743],"class_list":["post-73663","post","type-post","status-publish","format-standard","has-post-thumbnail","hentry","category-minuto-a-minuto","category-zona-blanca","tag-65-legislatura-del-estado-de-oaxaca"],"jetpack_featured_media_url":"https:\/\/zonaroja.com.mx\/wp-content\/uploads\/2024\/10\/Congreso-de-Oaxaca-camara-de-diputados.jpeg","jetpack_sharing_enabled":true,"_links":{"self":[{"href":"https:\/\/zonaroja.com.mx\/index.php?rest_route=\/wp\/v2\/posts\/73663","targetHints":{"allow":["GET"]}}],"collection":[{"href":"https:\/\/zonaroja.com.mx\/index.php?rest_route=\/wp\/v2\/posts"}],"about":[{"href":"https:\/\/zonaroja.com.mx\/index.php?rest_route=\/wp\/v2\/types\/post"}],"author":[{"embeddable":true,"href":"https:\/\/zonaroja.com.mx\/index.php?rest_route=\/wp\/v2\/users\/2"}],"replies":[{"embeddable":true,"href":"https:\/\/zonaroja.com.mx\/index.php?rest_route=%2Fwp%2Fv2%2Fcomments&post=73663"}],"version-history":[{"count":1,"href":"https:\/\/zonaroja.com.mx\/index.php?rest_route=\/wp\/v2\/posts\/73663\/revisions"}],"predecessor-version":[{"id":73665,"href":"https:\/\/zonaroja.com.mx\/index.php?rest_route=\/wp\/v2\/posts\/73663\/revisions\/73665"}],"wp:featuredmedia":[{"embeddable":true,"href":"https:\/\/zonaroja.com.mx\/index.php?rest_route=\/wp\/v2\/media\/73664"}],"wp:attachment":[{"href":"https:\/\/zonaroja.com.mx\/index.php?rest_route=%2Fwp%2Fv2%2Fmedia&parent=73663"}],"wp:term":[{"taxonomy":"category","embeddable":true,"href":"https:\/\/zonaroja.com.mx\/index.php?rest_route=%2Fwp%2Fv2%2Fcategories&post=73663"},{"taxonomy":"post_tag","embeddable":true,"href":"https:\/\/zonaroja.com.mx\/index.php?rest_route=%2Fwp%2Fv2%2Ftags&post=73663"}],"curies":[{"name":"wp","href":"https:\/\/api.w.org\/{rel}","templated":true}]}}