{"id":73668,"date":"2024-10-21T17:58:29","date_gmt":"2024-10-21T23:58:29","guid":{"rendered":"https:\/\/zonaroja.com.mx\/?p=73668"},"modified":"2024-10-21T17:58:31","modified_gmt":"2024-10-21T23:58:31","slug":"sin-descartar-lineas-de-investigacion-en-caso-de-sandra-dominguez-y-pareja","status":"publish","type":"post","link":"https:\/\/zonaroja.com.mx\/?p=73668","title":{"rendered":"Sin descartar l\u00edneas de investigaci\u00f3n en caso de Sandra Dom\u00ednguez y pareja"},"content":{"rendered":"\n<p>Redacci\u00f3n\/Zona Roja.&nbsp;<\/p>\n\n\n\n<p>Oaxaca de Ju\u00e1rez, Oax. a 21 de octubre de 2024.- Durante la conferencia matutina del Gobierno del Estado de Oaxaca, el fiscal General, Bernardo Rodr\u00edguez Alamilla, inform\u00f3 sobre los avances en los trabajos ministeriales, as\u00ed como de b\u00fasqueda y localizaci\u00f3n de Sandra Estefana Dom\u00ednguez Mart\u00ednez y Alexander Hern\u00e1ndez Hern\u00e1ndez, puntualiz\u00f3 que se mantienen abiertas todas las l\u00edneas de investigaci\u00f3n.<\/p>\n\n\n\n<p>Acompa\u00f1ando al gobernador Salom\u00f3n Jara y dem\u00e1s miembros del gabinete, el titular de la Fiscal\u00eda General del Estado destac\u00f3 el reciente hallazgo del equipo de telefon\u00eda m\u00f3vil de Sandra Dom\u00ednguez, el cual fue encontrado despu\u00e9s de trabajos de geolocalizaci\u00f3n en la comunidad de Nigromante, Playa Vicente, Veracruz, despu\u00e9s de un despliegue operativo.<\/p>\n\n\n\n<p>A\u00f1adi\u00f3 que la Fiscal\u00eda mantiene abierta todas las l\u00edneas de investigaci\u00f3n, entre ellas lo relacionado a las actividades de defensa de derechos y litigaci\u00f3n de Sandra Dom\u00ednguez, pero adem\u00e1s derivado de los an\u00e1lisis de contexto de las v\u00edctimas se encontraron indicios sobre su pareja Alexander Hern\u00e1ndez Hern\u00e1ndez que lo relacionan con la delincuencia organizada, informaci\u00f3n que se est\u00e1 investigando y verificando.<\/p>\n\n\n\n<p>Bernardo Rodr\u00edguez Alamilla explic\u00f3 que, adem\u00e1s se logr\u00f3 la detenci\u00f3n de una persona del sexo masculino identificada como P. S. V., en torno a quien se indaga si tiene alg\u00fan nivel de involucramiento en los hechos, asimismo el proceso de investigaci\u00f3n sobre esta persona y el equipo de telefon\u00eda podr\u00edan revelar informaci\u00f3n relevante para los trabajos de b\u00fasqueda y localizaci\u00f3n.<\/p>\n\n\n\n<p>El fiscal dijo que, este hallazgo se suma a la localizaci\u00f3n del veh\u00edculo de las v\u00edctimas, tambi\u00e9n en Playa Vicente, Veracruz, el cual fue encontrado el 5 de octubre de 2024, y detall\u00f3 que estos indicios permiten delinear con mayor precisi\u00f3n los protocolos de b\u00fasqueda, adem\u00e1s brindan informaci\u00f3n que permite fortalecer las distintas l\u00edneas de investigaci\u00f3n.<\/p>\n\n\n\n<p>Agreg\u00f3 que la Fiscal\u00eda de Oaxaca trabaja en la b\u00fasqueda y localizaci\u00f3n de las v\u00edctimas en colaboraci\u00f3n con la Fiscal\u00eda General del Estado de Veracruz, la Coordinaci\u00f3n Nacional Antisecuestros, la Guardia Nacional, la Secretar\u00eda de la Defensa Nacional, la Comisi\u00f3n Estatal de B\u00fasqueda de Oaxaca, esto con el objetivo de ampliar los alcances de los trabajos y el despliegue operativo.<\/p>\n\n\n\n<p>Rodr\u00edguez Alamilla reiter\u00f3 que, para los trabajos de b\u00fasqueda y localizaci\u00f3n de Sandra Estefana Dom\u00ednguez Mart\u00ednez y Alexander Hern\u00e1ndez Hern\u00e1ndez, se est\u00e1 trabaja tomando en cuenta todo el contexto situacional y particular de las v\u00edctimas, por ello las labores se realizan con un enfoque diferenciado el cual se fortalece por medio de la perspectiva de g\u00e9nero, adem\u00e1s que a trav\u00e9s de los trabajos coordinados de manera interinstitucional se tiene un mayor alcance operativo en campo para ampliar las zonas de intervenci\u00f3n.<\/p>\n\n\n\n<figure class=\"wp-block-embed is-type-rich is-provider-twitter wp-block-embed-twitter\"><div class=\"wp-block-embed__wrapper\">\n<div class=\"twitter-tweet\"><blockquote class=\"twitter-tweet\" data-lang=\"es\"><p lang=\"es\" dir=\"ltr\">Esta ma\u00f1ana el titular de la <a href=\"https:\/\/twitter.com\/FISCALIA_GobOax?ref_src=twsrc%5Etfw\">@FISCALIA_GobOax<\/a>, <a href=\"https:\/\/twitter.com\/FiscalOaxaca?ref_src=twsrc%5Etfw\">@FiscalOaxaca<\/a>, participa en la conferencia de prensa del gobernador <a href=\"https:\/\/twitter.com\/salomonj?ref_src=twsrc%5Etfw\">@salomonj<\/a>, en que precisa detalles acerca del caso de la desaparici\u00f3n de Sandra Dom\u00ednguez y Alexander Hern\u00e1ndez. <br>Menciona tambi\u00e9n que se reabri\u00f3 la carpeta de\u2026 <a href=\"https:\/\/t.co\/dFkgU0iRwu\">pic.twitter.com\/dFkgU0iRwu<\/a><\/p>&mdash; Zona Roja Oaxaca (@ZonaRoja_Oaxaca) <a href=\"https:\/\/twitter.com\/ZonaRoja_Oaxaca\/status\/1848380701957366169?ref_src=twsrc%5Etfw\">21 de octubre de 2024<\/a><\/blockquote><\/div>\n<\/div><\/figure>\n","protected":false},"excerpt":{"rendered":"<p>Redacci\u00f3n\/Zona Roja.&nbsp; Oaxaca de Ju\u00e1rez, Oax. a 21 de octubre de 2024.- Durante la conferencia&hellip;<\/p>\n","protected":false},"author":2,"featured_media":73669,"comment_status":"closed","ping_status":"open","sticky":false,"template":"","format":"standard","meta":{"_lmt_disableupdate":"","_lmt_disable":"","_jetpack_memberships_contains_paid_content":false,"footnotes":""},"categories":[109,46],"tags":[494],"class_list":["post-73668","post","type-post","status-publish","format-standard","has-post-thumbnail","hentry","category-minuto-a-minuto","category-zona-blanca","tag-fiscalia-general-del-estado-de-oaxaca"],"jetpack_featured_media_url":"https:\/\/zonaroja.com.mx\/wp-content\/uploads\/2024\/10\/Conferencia-de-prensa-fiscal-Oaxaca.jpeg","jetpack_sharing_enabled":true,"_links":{"self":[{"href":"https:\/\/zonaroja.com.mx\/index.php?rest_route=\/wp\/v2\/posts\/73668","targetHints":{"allow":["GET"]}}],"collection":[{"href":"https:\/\/zonaroja.com.mx\/index.php?rest_route=\/wp\/v2\/posts"}],"about":[{"href":"https:\/\/zonaroja.com.mx\/index.php?rest_route=\/wp\/v2\/types\/post"}],"author":[{"embeddable":true,"href":"https:\/\/zonaroja.com.mx\/index.php?rest_route=\/wp\/v2\/users\/2"}],"replies":[{"embeddable":true,"href":"https:\/\/zonaroja.com.mx\/index.php?rest_route=%2Fwp%2Fv2%2Fcomments&post=73668"}],"version-history":[{"count":1,"href":"https:\/\/zonaroja.com.mx\/index.php?rest_route=\/wp\/v2\/posts\/73668\/revisions"}],"predecessor-version":[{"id":73670,"href":"https:\/\/zonaroja.com.mx\/index.php?rest_route=\/wp\/v2\/posts\/73668\/revisions\/73670"}],"wp:featuredmedia":[{"embeddable":true,"href":"https:\/\/zonaroja.com.mx\/index.php?rest_route=\/wp\/v2\/media\/73669"}],"wp:attachment":[{"href":"https:\/\/zonaroja.com.mx\/index.php?rest_route=%2Fwp%2Fv2%2Fmedia&parent=73668"}],"wp:term":[{"taxonomy":"category","embeddable":true,"href":"https:\/\/zonaroja.com.mx\/index.php?rest_route=%2Fwp%2Fv2%2Fcategories&post=73668"},{"taxonomy":"post_tag","embeddable":true,"href":"https:\/\/zonaroja.com.mx\/index.php?rest_route=%2Fwp%2Fv2%2Ftags&post=73668"}],"curies":[{"name":"wp","href":"https:\/\/api.w.org\/{rel}","templated":true}]}}