{"id":73671,"date":"2024-10-21T19:31:10","date_gmt":"2024-10-22T01:31:10","guid":{"rendered":"https:\/\/zonaroja.com.mx\/?p=73671"},"modified":"2024-10-21T19:32:27","modified_gmt":"2024-10-22T01:32:27","slug":"73671","status":"publish","type":"post","link":"https:\/\/zonaroja.com.mx\/?p=73671","title":{"rendered":"Segundo d\u00eda de lluvias en Oaxaca incrementa afectaciones a la poblaci\u00f3n\u00a0"},"content":{"rendered":"\n<p>Redacci\u00f3n\/Zona Roja.&nbsp;<\/p>\n\n\n\n<p>Oaxaca de Ju\u00e1rez, Oax., a 21 de octubre de 2024.- Las intensas lluvias por segundo d\u00eda en las regiones Istmo, Cuenca y Sierra de Ju\u00e1rez, incrementaron los da\u00f1os, por lo cual personal de la Coordinaci\u00f3n Estatal de Protecci\u00f3n Civil realiza las evaluaciones correspondientes.<\/p>\n\n\n\n<p>De acuerdo con un comunicado del gobierno estatal, hasta este momento, en la regi\u00f3n Sierra de Ju\u00e1rez se reportan da\u00f1os por derrumbes y deslaves en los municipios de Ixtl\u00e1n de Ju\u00e1rez, Santiago Xiacu\u00ed, Capul\u00e1lpam de M\u00e9ndez, Natividad, San Bartolom\u00e9 Zoogocho, Santiago Comaltepec, San Juan Chicomez\u00fachil y San Juan Lalana.<\/p>\n\n\n\n<p>Asimismo, delegados de la dependencia brindan atenci\u00f3n por deslizamientos de ladera y desgajamiento de cerro en el distrito de Villa Alta; as\u00ed como en Tamazul\u00e1pam del Esp\u00edritu Santo, zona Mixe.<\/p>\n\n\n\n<p>Mientras que, en Santa Mar\u00eda Chimalapas, en la regi\u00f3n Istmo de Tehuantepec, apoyan a las localidades Pilar Espinoza de Le\u00f3n, Nuevo San Juan, Nuevo San Andr\u00e9s y R\u00edo Fr\u00edo, las cuales se encuentran incomunicadas por el desbordamiento del r\u00edo.&nbsp;<\/p>\n\n\n\n<p>Tambi\u00e9n, se trabaja en el municipio de Mat\u00edas Romero Avenda\u00f1o donde las familias que viven a orillas del afluente resultaron afectadas.<\/p>\n\n\n\n<p>En San Juan Bautista Valle Nacional, se presentaron diferentes desgajamientos de cerros y laderas, afectando viviendas que fueron evacuadas por la seguridad de las y los habitantes, quienes fueron trasladados a refugios temporales establecidos en dos escuelas de nivel b\u00e1sico y en el parque municipal.<\/p>\n\n\n\n<p>Otras afectaciones se presentaron en el distrito de Tuxtepec, donde se encuentran incomunicados el municipio de Ayotzintepec, as\u00ed como el r\u00edo \u201cCajonos\u201d y arroyo \u201cMojarra\u201d.<\/p>\n\n\n\n<p>Asimismo, se encuentra cerrada la carretera del municipio de Huautla de Jim\u00e9nez a Jalapa de D\u00edaz, por un derrumbe que tambi\u00e9n afecta a San Juan Coatz\u00f3spam, en la regi\u00f3n Sierra de Flores Mag\u00f3n.<\/p>\n\n\n\n<p>&nbsp;Elementos de la Polic\u00eda Vial brindan auxilio y realizan el desalojo de habitantes de la colonia La Moderna, Secci\u00f3n Mediana, en San Juan Bautista, Tuxtepec, luego de registrarse el desbordamiento del arroyo \u201cSan Jacinto\u201d.<\/p>\n\n\n\n<p>Como parte del Plan de Atenci\u00f3n Vial en Emergencias (AVE), las personas damnificadas est\u00e1n siendo trasladadas al albergue habilitado en la cancha de b\u00e1squetbol de la Unidad Deportiva Tuxtepec, ubicado sobre el bulevar Bicentenario y avenida Francisco Ignacio Madero, en el fraccionamiento Costa Verde.<\/p>\n\n\n\n<p>El desbordamiento del afluente caus\u00f3 afectaciones en algunas viviendas inundadas, por lo que tambi\u00e9n se apoya a las personas con el traslado de sus pertenencias a trav\u00e9s de una gr\u00faa de la zona.<\/p>\n\n\n\n<p>SUSPENDEN CLASES<\/p>\n\n\n\n<p>Ante las condiciones climatol\u00f3gicas que se presentan en parte del estado, el Instituto Estatal de Educaci\u00f3n P\u00fablica de Oaxaca (IEEPO) informa de la suspensi\u00f3n de clases en las regiones de la Sierra de Ju\u00e1rez y Papaloapan para este martes 22 de octubre.&nbsp;<\/p>\n\n\n\n<p>Lo anterior, como una medida preventiva para salvaguardar la integridad f\u00edsica de estudiantes y personal docente, ya que contin\u00faan los reportes de fuertes lluvias en las zonas.<\/p>\n\n\n\n<p>El IEEPO pide a las autoridades municipales, escolares y comit\u00e9s de padres de familia estar atentos de los comunicados oficiales que emita Protecci\u00f3n Civil, as\u00ed como tomar medidas preventivas y seguir los protocolos en caso que contin\u00fae la contingencia.<\/p>\n","protected":false},"excerpt":{"rendered":"<p>Redacci\u00f3n\/Zona Roja.&nbsp; Oaxaca de Ju\u00e1rez, Oax., a 21 de octubre de 2024.- Las intensas lluvias&hellip;<\/p>\n","protected":false},"author":2,"featured_media":73672,"comment_status":"closed","ping_status":"open","sticky":false,"template":"","format":"standard","meta":{"_lmt_disableupdate":"","_lmt_disable":"","_jetpack_memberships_contains_paid_content":false,"footnotes":""},"categories":[109,47],"tags":[848],"class_list":["post-73671","post","type-post","status-publish","format-standard","has-post-thumbnail","hentry","category-minuto-a-minuto","category-zona-gris","tag-danos-lluvias-oaxaca"],"jetpack_featured_media_url":"https:\/\/zonaroja.com.mx\/wp-content\/uploads\/2024\/10\/Danos-lluvias-Tuxtepec-Oaxaca.jpeg","jetpack_sharing_enabled":true,"_links":{"self":[{"href":"https:\/\/zonaroja.com.mx\/index.php?rest_route=\/wp\/v2\/posts\/73671","targetHints":{"allow":["GET"]}}],"collection":[{"href":"https:\/\/zonaroja.com.mx\/index.php?rest_route=\/wp\/v2\/posts"}],"about":[{"href":"https:\/\/zonaroja.com.mx\/index.php?rest_route=\/wp\/v2\/types\/post"}],"author":[{"embeddable":true,"href":"https:\/\/zonaroja.com.mx\/index.php?rest_route=\/wp\/v2\/users\/2"}],"replies":[{"embeddable":true,"href":"https:\/\/zonaroja.com.mx\/index.php?rest_route=%2Fwp%2Fv2%2Fcomments&post=73671"}],"version-history":[{"count":2,"href":"https:\/\/zonaroja.com.mx\/index.php?rest_route=\/wp\/v2\/posts\/73671\/revisions"}],"predecessor-version":[{"id":73675,"href":"https:\/\/zonaroja.com.mx\/index.php?rest_route=\/wp\/v2\/posts\/73671\/revisions\/73675"}],"wp:featuredmedia":[{"embeddable":true,"href":"https:\/\/zonaroja.com.mx\/index.php?rest_route=\/wp\/v2\/media\/73672"}],"wp:attachment":[{"href":"https:\/\/zonaroja.com.mx\/index.php?rest_route=%2Fwp%2Fv2%2Fmedia&parent=73671"}],"wp:term":[{"taxonomy":"category","embeddable":true,"href":"https:\/\/zonaroja.com.mx\/index.php?rest_route=%2Fwp%2Fv2%2Fcategories&post=73671"},{"taxonomy":"post_tag","embeddable":true,"href":"https:\/\/zonaroja.com.mx\/index.php?rest_route=%2Fwp%2Fv2%2Ftags&post=73671"}],"curies":[{"name":"wp","href":"https:\/\/api.w.org\/{rel}","templated":true}]}}