{"id":73676,"date":"2024-10-21T21:28:26","date_gmt":"2024-10-22T03:28:26","guid":{"rendered":"https:\/\/zonaroja.com.mx\/?p=73676"},"modified":"2024-10-21T21:31:40","modified_gmt":"2024-10-22T03:31:40","slug":"pedira-gobernador-jara-a-donato-vargas-que-se-separe-por-unos-dias-del-cargo","status":"publish","type":"post","link":"https:\/\/zonaroja.com.mx\/?p=73676","title":{"rendered":"Pedir\u00e1 gobernador Jara a Donato Vargas que se separe por unos d\u00edas del cargo"},"content":{"rendered":"\n<p>Raymundo Morales\/Zona Roja.<\/p>\n\n\n\n<p>Oaxaca de Ju\u00e1rez, Oax., a 21 de octubre de 2024.- Al reiterar que contin\u00faa el trabajo coordinado entre las instituciones para localizar a Sandra Jim\u00e9nez Dom\u00ednguez, el gobernador Salom\u00f3n Jara Cruz anunci\u00f3 que pedir\u00e1 al coordinador de Delegados de Paz, Donato Vargas Jim\u00e9nez, se separe temporalmente del cargo, para que contin\u00faen las investigaciones acerca de las denuncias en su contra.<\/p>\n\n\n\n<p>\u201cSeguimos y vamos a seguir busc\u00e1ndola; el Gobierno del Estado ha actuado con mucha responsabilidad desde el primer momento. La Secretar\u00eda de Gobierno, la Comisi\u00f3n Estatal de B\u00fasqueda, la Fiscal\u00eda General del Estado, han desarrollado un trabajo coordinado con las autoridades federales y del estado de Veracruz\u201d, dijo en conferencia matutina este lunes.<\/p>\n\n\n\n<p>Sobre las denuncias de presunta violencia y acoso sexual por parte de Donato Vargas, as\u00ed como su probable participaci\u00f3n en la desaparici\u00f3n de ambas personas, confi\u00f3 en que las investigaciones arrojen resultados excluyentes.&nbsp;<\/p>\n\n\n\n<p>\u201cHa sido muy insistente, de manera, siento yo, muy personal, muy de h\u00edgado, m\u00e1s que de otra cosa, insistir, no ustedes, y lo comento porque no hay ning\u00fan argumento, ninguna base como para decir de uno de los funcionarios del gobierno, servidores del gobierno, est\u00e9n pues involucrados en esto, y ha sido de otro tipo.<\/p>\n\n\n\n<p>\u201cYo tengo la seguridad que al final de la investigaci\u00f3n que se haga con el caso de Sandra, vamos a conocer la verdad; s\u00ed hay una investigaci\u00f3n, hoy la mesa de seguridad dio a conocer algunas cosas, pero por el sigilo, por procedimiento, tenemos que cuidar, hay una l\u00ednea muy bien identificada.<\/p>\n\n\n\n<p>\u201cPero voy a pedirle a Donato que se separe un ratito de su cargo, unos 15 d\u00edas, unos ocho d\u00edas, porque nada m\u00e1s que se apersone y que presente, porque ya lo hizo ante la Fiscal\u00eda, pero que se vuelva a presentar y que est\u00e9 ah\u00ed.<\/p>\n\n\n\n<p>\u201cPero lo digo, no hay ninguna raz\u00f3n, pero lo voy a solicitar, para que se le someta a la investigaci\u00f3n, aunque ya lo dijo, ya lo coment\u00f3, pero para que no se diga, no se comente que aqu\u00ed se protege; no tenemos por qu\u00e9 proteger a nadie.<\/p>\n\n\n\n<p>\u201cQuien cometa un delito, un agravio, que se castigue, sea quien sea; ya lo coment\u00e9, si alg\u00fan familiar m\u00edo, un hermano, un hijo, comete un agravio, se tiene que someter, nosotros no podemos proteger a nadie, no estamos en el mismo r\u00e9gimen que proteg\u00eda a delincuentes\u201d, expuso.<\/p>\n\n\n\n<p>El mandatario Jara Cruz reforz\u00f3:<\/p>\n\n\n\n<p>\u201cCon mucho gusto hoy voy a hablar con mi amigo Donato, le voy a pedir que se separe unos d\u00edas s\u00f3lo para que tambi\u00e9n se le investigue y que no se piense que estamos entorpeciendo la investigaci\u00f3n y les aseguro, que la l\u00ednea de investigaci\u00f3n es muy fuerte por la otra parte, pero por cuesti\u00f3n de sigilo, tenemos que cuidar todo esto\u201d.<\/p>\n\n\n\n<figure class=\"wp-block-embed is-type-rich is-provider-twitter wp-block-embed-twitter\"><div class=\"wp-block-embed__wrapper\">\n<div class=\"twitter-tweet\"><blockquote class=\"twitter-tweet\" data-lang=\"es\"><p lang=\"es\" dir=\"ltr\">Sobre el caso de Sandra Dom\u00ednguez y Alexander Hern\u00e1ndez, el gobernador <a href=\"https:\/\/twitter.com\/salomonj?ref_src=twsrc%5Etfw\">@salomonj<\/a> dijo hoy en conferencia que contin\u00faan las investigaciones conjuntas de las autoridades federales y estatales y ya hay l\u00edneas de investigaci\u00f3n espec\u00edficas. <br><br>A pregunta expresa, respondi\u00f3 que pedir\u00e1 a\u2026 <a href=\"https:\/\/t.co\/3rg2Ly6Sei\">pic.twitter.com\/3rg2Ly6Sei<\/a><\/p>&mdash; Zona Roja Oaxaca (@ZonaRoja_Oaxaca) <a href=\"https:\/\/twitter.com\/ZonaRoja_Oaxaca\/status\/1848425985160495478?ref_src=twsrc%5Etfw\">21 de octubre de 2024<\/a><\/blockquote><\/div>\n<\/div><\/figure>\n\n\n\n<p>INFORMA COMISI\u00d3N<\/p>\n\n\n\n<p>En el marco de la conferencia de prensa, la titular de la Comisi\u00f3n Estatal de B\u00fasqueda de Personas de Oaxaca, Michel Juli\u00e1n L\u00f3pez, explic\u00f3 que, a partir del 8 de octubre que se recibi\u00f3 el reporte de desaparici\u00f3n, se iniciaron las acciones de b\u00fasqueda Inmediata y se generaron las fichas de b\u00fasqueda que siguen circulando en redes sociales.&nbsp;<\/p>\n\n\n\n<p>As\u00ed, nueve instituciones conforman el equipo multidisciplinario encargado de estas tareas: Comisi\u00f3n Nacional de B\u00fasqueda (CNB), Comisi\u00f3n Estatal, Coordinaci\u00f3n para la Atenci\u00f3n de los Derechos Humanos (CADH), Comisi\u00f3n Ejecutiva Estatal de Atenci\u00f3n Integral a V\u00edctimas (CEEAIV), Fiscal\u00eda General de Estado de Oaxaca (FGEO), Secretar\u00eda de Gobierno (Sego), la Secretar\u00eda de la Defensa Nacional (Sedena), Guardia Nacional (GN) y Polic\u00eda Estatal.&nbsp;<\/p>\n\n\n\n<p>Tambi\u00e9n, se inici\u00f3 una colaboraci\u00f3n con las 31 comisiones de b\u00fasqueda en el pa\u00eds y comenzaron los trabajos de campo para obtener l\u00edneas objetivas de investigaci\u00f3n. Participan 52 elementos de manera permanente de la Sedena, GN, Polic\u00eda Estatal y un binomio canino de esta misma corporaci\u00f3n.<\/p>\n\n\n\n<p>Todas las acciones se informan permanentemente a familiares de las personas desaparecidas, quienes tambi\u00e9n participan aportando informaci\u00f3n relevante para dar con su paradero.&nbsp;<\/p>\n\n\n\n<p>Actualmente la b\u00fasqueda se ampli\u00f3 a Valles Centrales y el estado de Veracruz, generando 26 puntos de inter\u00e9s: 19 en Oaxaca y 7 en aquella entidad. Asimismo, se realiz\u00f3 la elaboraci\u00f3n del Plan de B\u00fasqueda en Vida y con enfoque Forense, en zonas de inter\u00e9s en Veracruz, por lo que se solicit\u00f3 la colaboraci\u00f3n de la Comisi\u00f3n de B\u00fasqueda de ese estado para su ejecuci\u00f3n. Por ahora, contin\u00faan las entrevistas para seguir obteniendo datos.<\/p>\n","protected":false},"excerpt":{"rendered":"<p>Raymundo Morales\/Zona Roja. Oaxaca de Ju\u00e1rez, Oax., a 21 de octubre de 2024.- Al reiterar&hellip;<\/p>\n","protected":false},"author":2,"featured_media":73677,"comment_status":"closed","ping_status":"open","sticky":false,"template":"","format":"standard","meta":{"_lmt_disableupdate":"","_lmt_disable":"","_jetpack_memberships_contains_paid_content":false,"footnotes":""},"categories":[109,46],"tags":[939],"class_list":["post-73676","post","type-post","status-publish","format-standard","has-post-thumbnail","hentry","category-minuto-a-minuto","category-zona-blanca","tag-salomon-jara-cruz"],"jetpack_featured_media_url":"https:\/\/zonaroja.com.mx\/wp-content\/uploads\/2024\/10\/Salomon-Jara-Cruz.jpg","jetpack_sharing_enabled":true,"_links":{"self":[{"href":"https:\/\/zonaroja.com.mx\/index.php?rest_route=\/wp\/v2\/posts\/73676","targetHints":{"allow":["GET"]}}],"collection":[{"href":"https:\/\/zonaroja.com.mx\/index.php?rest_route=\/wp\/v2\/posts"}],"about":[{"href":"https:\/\/zonaroja.com.mx\/index.php?rest_route=\/wp\/v2\/types\/post"}],"author":[{"embeddable":true,"href":"https:\/\/zonaroja.com.mx\/index.php?rest_route=\/wp\/v2\/users\/2"}],"replies":[{"embeddable":true,"href":"https:\/\/zonaroja.com.mx\/index.php?rest_route=%2Fwp%2Fv2%2Fcomments&post=73676"}],"version-history":[{"count":2,"href":"https:\/\/zonaroja.com.mx\/index.php?rest_route=\/wp\/v2\/posts\/73676\/revisions"}],"predecessor-version":[{"id":73679,"href":"https:\/\/zonaroja.com.mx\/index.php?rest_route=\/wp\/v2\/posts\/73676\/revisions\/73679"}],"wp:featuredmedia":[{"embeddable":true,"href":"https:\/\/zonaroja.com.mx\/index.php?rest_route=\/wp\/v2\/media\/73677"}],"wp:attachment":[{"href":"https:\/\/zonaroja.com.mx\/index.php?rest_route=%2Fwp%2Fv2%2Fmedia&parent=73676"}],"wp:term":[{"taxonomy":"category","embeddable":true,"href":"https:\/\/zonaroja.com.mx\/index.php?rest_route=%2Fwp%2Fv2%2Fcategories&post=73676"},{"taxonomy":"post_tag","embeddable":true,"href":"https:\/\/zonaroja.com.mx\/index.php?rest_route=%2Fwp%2Fv2%2Ftags&post=73676"}],"curies":[{"name":"wp","href":"https:\/\/api.w.org\/{rel}","templated":true}]}}