{"id":73680,"date":"2024-10-21T22:00:39","date_gmt":"2024-10-22T04:00:39","guid":{"rendered":"https:\/\/zonaroja.com.mx\/?p=73680"},"modified":"2024-10-21T22:00:40","modified_gmt":"2024-10-22T04:00:40","slug":"opinion-poder-legislativo","status":"publish","type":"post","link":"https:\/\/zonaroja.com.mx\/?p=73680","title":{"rendered":"Opini\u00f3n. Poder Legislativo"},"content":{"rendered":"\n<p>Ad\u00e1n C\u00f3rdova*<\/p>\n\n\n\n<p>El Poder Legislativo adquiere su nombre de la funci\u00f3n principal que se le asign\u00f3 en los albores del constitucionalismo en los siglos XVIII y XIX; a nivel federal a partir del d\u00eda 1 de septiembre dio inicio la sexag\u00e9sima sexta legislatura&nbsp;y&nbsp;en Oaxaca iniciar\u00e1 el 15 de noviembre pr\u00f3ximo el nuevo ciclo legislativo.<\/p>\n\n\n\n<p>El Instituto Nacional de Estad\u00edstica y Geograf\u00eda,&nbsp;durante los&nbsp;a\u00f1os&nbsp;2017, 2019, 2021 y 2023&nbsp;ha evaluado el nivel de confianza que expresamos&nbsp;los mexicanos &nbsp;hacia el Poder Legislativo al evaluar a las C\u00e1maras de Diputados y Senadores, resultando que se encuentran peleando los \u00faltimos lugares con los polic\u00edas y los partidos pol\u00edticos.<\/p>\n\n\n\n<p>Cierto es que las y los legisladores en su mayor\u00eda gozan de una popularidad p\u00fablica que les permite acceder a la representaci\u00f3n, pero en honrosas excepciones suelen tener una formaci\u00f3n acad\u00e9mica o experiencia que les permita responder al nuevo ritmo institucional, y las constantes exigencias sociales.<\/p>\n\n\n\n<p>Elevar la confianza y disminuir la percepci\u00f3n de corrupci\u00f3n son los principales retos del poder legislativo, avanzar en esa direcci\u00f3n obliga a mantener una buena comunicaci\u00f3n y una correcta evaluaci\u00f3n de sus acciones.<\/p>\n\n\n\n<p>COMUNICAR, no es que&nbsp;publiquen&nbsp;qu\u00e9 desayunan, a qu\u00e9 hora llegan a sus oficinas o qu\u00e9 temas van a analizar durante el d\u00eda, se trata de qu\u00e9 decisiones toman,&nbsp;por qu\u00e9 las decidieron,&nbsp;y si tienen una utilidad en nuestro entorno.<\/p>\n\n\n\n<p>EVALUAR, no es que hagan muchas acciones o pocas, sino que las que hacen tengan un impacto real en nuestra calidad de vida, si se garantizan nuestros derechos, se fortalecen o se transforman instituciones,&nbsp;a qu\u00e9 se destina el dinero p\u00fablico y qu\u00e9&nbsp;impacto tiene.&nbsp;<\/p>\n\n\n\n<p>Una correcta evaluaci\u00f3n del Poder Legislativo podr\u00eda&nbsp;reubicar el papel de este poder en la calidad de vida de las personas, obligar\u00eda a evaluar lo existente, reconocer las limitantes y replantear si los resultados obtenidos pueden mejorar para futuras acciones.<\/p>\n\n\n\n<p>La esencia del Estado radica en alcanzar el bienestar colectivo, objetivo bajo el cual los poderes p\u00fablicos deber\u00edan trabajar de manera sist\u00e9mica, interinstitucional, porque&nbsp;si nadie se levanta pensando en \u201cc\u00f3mo joder a M\u00e9xico\u201d&nbsp;no se entiende por qu\u00e9&nbsp;los niveles de confianza son bajos y la percepci\u00f3n de corrupci\u00f3n es elevada.<\/p>\n\n\n\n<p>En diferentes ejercicios acad\u00e9micos se ha considerado la reducci\u00f3n de legisladores y legisladoras en las c\u00e1maras, la extinci\u00f3n de una de las c\u00e1maras del congreso de la uni\u00f3n o la propuesta de la presidenta Claudia Sheinbaum de eliminar los plurinominales bajo la consideraci\u00f3n de \u201creducir el gasto\u201d.<\/p>\n\n\n\n<p>Lo&nbsp;relevante&nbsp;no es la reducci\u00f3n del n\u00famero de legisladores ni el gasto que generan sino la calidad de las leyes o las decisiones que toman, porque de poco o nada sirve que se reduzca el n\u00famero o se adelgace el gasto si las leyes o sus decisiones carecen de impacto para las personas a las que representan.<\/p>\n\n\n\n<p>*&nbsp;Doctorante en Argumentaci\u00f3n Jur\u00eddica por el Centro de Investigaciones Jur\u00eddico Pol\u00edticas de la Universidad Aut\u00f3noma de Tlaxcala<\/p>\n\n\n\n<p><a href=\"mailto:adancordovatrujillo@gmail.com\">adancordovatrujillo@gmail.com<\/a><\/p>\n\n\n\n<p>@adancordovat&nbsp;<\/p>\n\n\n\n<p>Fb: Ad\u00e1n C\u00f3rdova<\/p>\n","protected":false},"excerpt":{"rendered":"<p>Ad\u00e1n C\u00f3rdova* El Poder Legislativo adquiere su nombre de la funci\u00f3n principal que se le&hellip;<\/p>\n","protected":false},"author":2,"featured_media":67231,"comment_status":"closed","ping_status":"open","sticky":false,"template":"","format":"standard","meta":{"_lmt_disableupdate":"","_lmt_disable":"","_jetpack_memberships_contains_paid_content":false,"footnotes":""},"categories":[456,46],"tags":[184],"class_list":["post-73680","post","type-post","status-publish","format-standard","has-post-thumbnail","hentry","category-columna","category-zona-blanca","tag-adan-cordova-trujillo"],"jetpack_featured_media_url":"https:\/\/zonaroja.com.mx\/wp-content\/uploads\/2024\/04\/Poder-Legislativo-Congreso-Camara-de-Diputados.jpg","jetpack_sharing_enabled":true,"_links":{"self":[{"href":"https:\/\/zonaroja.com.mx\/index.php?rest_route=\/wp\/v2\/posts\/73680","targetHints":{"allow":["GET"]}}],"collection":[{"href":"https:\/\/zonaroja.com.mx\/index.php?rest_route=\/wp\/v2\/posts"}],"about":[{"href":"https:\/\/zonaroja.com.mx\/index.php?rest_route=\/wp\/v2\/types\/post"}],"author":[{"embeddable":true,"href":"https:\/\/zonaroja.com.mx\/index.php?rest_route=\/wp\/v2\/users\/2"}],"replies":[{"embeddable":true,"href":"https:\/\/zonaroja.com.mx\/index.php?rest_route=%2Fwp%2Fv2%2Fcomments&post=73680"}],"version-history":[{"count":1,"href":"https:\/\/zonaroja.com.mx\/index.php?rest_route=\/wp\/v2\/posts\/73680\/revisions"}],"predecessor-version":[{"id":73681,"href":"https:\/\/zonaroja.com.mx\/index.php?rest_route=\/wp\/v2\/posts\/73680\/revisions\/73681"}],"wp:featuredmedia":[{"embeddable":true,"href":"https:\/\/zonaroja.com.mx\/index.php?rest_route=\/wp\/v2\/media\/67231"}],"wp:attachment":[{"href":"https:\/\/zonaroja.com.mx\/index.php?rest_route=%2Fwp%2Fv2%2Fmedia&parent=73680"}],"wp:term":[{"taxonomy":"category","embeddable":true,"href":"https:\/\/zonaroja.com.mx\/index.php?rest_route=%2Fwp%2Fv2%2Fcategories&post=73680"},{"taxonomy":"post_tag","embeddable":true,"href":"https:\/\/zonaroja.com.mx\/index.php?rest_route=%2Fwp%2Fv2%2Ftags&post=73680"}],"curies":[{"name":"wp","href":"https:\/\/api.w.org\/{rel}","templated":true}]}}