{"id":73683,"date":"2024-10-22T07:12:05","date_gmt":"2024-10-22T13:12:05","guid":{"rendered":"https:\/\/zonaroja.com.mx\/?p=73683"},"modified":"2024-10-22T07:12:08","modified_gmt":"2024-10-22T13:12:08","slug":"otro-muerto-en-telixtlahuaca-cae-individuo-en-camioneta-en-movimiento","status":"publish","type":"post","link":"https:\/\/zonaroja.com.mx\/?p=73683","title":{"rendered":"Otro muerto en Telixtlahuaca; cae individuo en camioneta en movimiento"},"content":{"rendered":"\n<p>Raymundo Morales\/Zona Roja.<\/p>\n\n\n\n<p>Oaxaca de Ju\u00e1rez, Oax., a 22 de octubre de 2024.- Otra persona perdi\u00f3 la vida en el municipio de San Francisco Telixtlahuaca, ahora por presunto accidente.<\/p>\n\n\n\n<p>Fue ayer en que una camioneta de pasajeros tipo Urvan transitaba de la ciudad de Oaxaca hacia San Juan Bautista Cuicatl\u00e1n, cuando a la altura del basurero de Telixtlahuaca se abri\u00f3 la puerta lateral de la unidad de motor.<\/p>\n\n\n\n<p>Una persona, identificada como Josu\u00e9 V. A., cay\u00f3 al asfalto tras lo cual se pidi\u00f3 el auxilio de los param\u00e9dicos, quienes valoraron a la v\u00edctima y confirmaron que y no contaba con signos vitales.<\/p>\n\n\n\n<p>En el lugar fue detenido Jes\u00fas Ramiro G. M., chofer de la camioneta de pasajeros, y fue puesto a disposici\u00f3n del Ministerio P\u00fablico, con la finalidad de indagar su responsabilidad en este percance.<\/p>\n\n\n\n<p>Cabe mencionar que el pasado s\u00e1bado, otra persona perdi\u00f3 la vida tambi\u00e9n en Telixtlahuaca, sobre la carretera federal, cuando un supuesto indigente atac\u00f3 con un arma blanca a un polic\u00eda municipal y \u00e9ste respondi\u00f3 y le dispar\u00f3 en varias ocasiones; el hombre falleci\u00f3 cuando era trasladado a un hospital.<\/p>\n\n\n\n<p>EN SALINA CRUZ<\/p>\n\n\n\n<p>Por otra parte, otra persona sin vida fue hallada ayer a un costado de la carretera federal 200, a la entrada a la localidad de Playa Brasil, perteneciente al municipio de Salina Cruz.<\/p>\n\n\n\n<p>Inicialmente se inform\u00f3 que habr\u00eda sido una persona ejecutada pero despu\u00e9s las corporaciones policiacas corroboraron que se trataba de un homicidio culposo, pues el occiso viajaba en su motocicleta en la cual habr\u00eda derrapado o habr\u00eda sido arrollado.<\/p>\n","protected":false},"excerpt":{"rendered":"<p>Raymundo Morales\/Zona Roja. Oaxaca de Ju\u00e1rez, Oax., a 22 de octubre de 2024.- Otra persona&hellip;<\/p>\n","protected":false},"author":2,"featured_media":73684,"comment_status":"closed","ping_status":"open","sticky":false,"template":"","format":"standard","meta":{"_lmt_disableupdate":"","_lmt_disable":"","_jetpack_memberships_contains_paid_content":false,"footnotes":""},"categories":[109,47],"tags":[3274],"class_list":["post-73683","post","type-post","status-publish","format-standard","has-post-thumbnail","hentry","category-minuto-a-minuto","category-zona-gris","tag-san-francisco-telixtlahuaca"],"jetpack_featured_media_url":"https:\/\/zonaroja.com.mx\/wp-content\/uploads\/2024\/10\/Muerto-accidente-Telixtlahuaca.jpg","jetpack_sharing_enabled":true,"_links":{"self":[{"href":"https:\/\/zonaroja.com.mx\/index.php?rest_route=\/wp\/v2\/posts\/73683","targetHints":{"allow":["GET"]}}],"collection":[{"href":"https:\/\/zonaroja.com.mx\/index.php?rest_route=\/wp\/v2\/posts"}],"about":[{"href":"https:\/\/zonaroja.com.mx\/index.php?rest_route=\/wp\/v2\/types\/post"}],"author":[{"embeddable":true,"href":"https:\/\/zonaroja.com.mx\/index.php?rest_route=\/wp\/v2\/users\/2"}],"replies":[{"embeddable":true,"href":"https:\/\/zonaroja.com.mx\/index.php?rest_route=%2Fwp%2Fv2%2Fcomments&post=73683"}],"version-history":[{"count":1,"href":"https:\/\/zonaroja.com.mx\/index.php?rest_route=\/wp\/v2\/posts\/73683\/revisions"}],"predecessor-version":[{"id":73685,"href":"https:\/\/zonaroja.com.mx\/index.php?rest_route=\/wp\/v2\/posts\/73683\/revisions\/73685"}],"wp:featuredmedia":[{"embeddable":true,"href":"https:\/\/zonaroja.com.mx\/index.php?rest_route=\/wp\/v2\/media\/73684"}],"wp:attachment":[{"href":"https:\/\/zonaroja.com.mx\/index.php?rest_route=%2Fwp%2Fv2%2Fmedia&parent=73683"}],"wp:term":[{"taxonomy":"category","embeddable":true,"href":"https:\/\/zonaroja.com.mx\/index.php?rest_route=%2Fwp%2Fv2%2Fcategories&post=73683"},{"taxonomy":"post_tag","embeddable":true,"href":"https:\/\/zonaroja.com.mx\/index.php?rest_route=%2Fwp%2Fv2%2Ftags&post=73683"}],"curies":[{"name":"wp","href":"https:\/\/api.w.org\/{rel}","templated":true}]}}