{"id":73686,"date":"2024-10-22T08:12:00","date_gmt":"2024-10-22T14:12:00","guid":{"rendered":"https:\/\/zonaroja.com.mx\/?p=73686"},"modified":"2024-10-22T07:48:57","modified_gmt":"2024-10-22T13:48:57","slug":"tormenta-nadine-y-frente-frio-dejan-1-muerto-en-oaxaca-4-en-chiapas-y-3-en-veracruz","status":"publish","type":"post","link":"https:\/\/zonaroja.com.mx\/?p=73686","title":{"rendered":"Tormenta \u201cNadine\u201d y Frente Fr\u00edo dejan 1 muerto en Oaxaca, 4 en Chiapas y 3 en Veracruz"},"content":{"rendered":"\n<p>Raymundo Morales\/Zona Roja.<\/p>\n\n\n\n<p>Oaxaca de Ju\u00e1rez, Oax., a 22 de octubre de 2024.- Ocho personas fallecidas es el saldo preliminar de las lluvias a causa de la Tormenta Tropical \u201cNadine\u201d y el Frente Fr\u00edo 4, durante dos d\u00edas en los estados de Veracruz, Chiapas y Oaxaca.<\/p>\n\n\n\n<p>En el caso de esta entidad, anoche el Gobierno del Estado confirm\u00f3 el deceso de una mujer de edad adulta en el municipio de Tamazul\u00e1pam del Esp\u00edritu Santo, en la zona Mixe del estado.<\/p>\n\n\n\n<p>\u201cHe girado instrucciones al personal de la Coordinaci\u00f3n de Delegados de Paz Social del Gobierno del Estado para que brinde atenci\u00f3n necesaria y apoye con el traslado del cuerpo, que ser\u00e1 entregado a sus familiares en la comunidad del Duraznal de este municipio.&nbsp;<\/p>\n\n\n\n<p>\u201cEn este dif\u00edcil momento, reafirmamos nuestro compromiso de estar cerca de las familias afectadas, brindando el apoyo y la solidaridad que necesitan\u201d, difundi\u00f3 anoche el gobernador Salom\u00f3n Jara Cruz.<\/p>\n\n\n\n<p>Las intensas lluvias han dejado adem\u00e1s m\u00faltiples afectaciones a casas, carreteras y caminos, en las regiones Istmo de Tehuantepec, Sierra Ju\u00e1rez y Cuenca del Papaloapan; hasta el momento no hay cuantificaci\u00f3n de da\u00f1os.<\/p>\n\n\n\n<p>EN CHIAPAS<\/p>\n\n\n\n<p>Por otra parte, en el estado de Chiapas suman cuatro personas fallecidas y afectaciones a m\u00e1s de 20 municipios, a causa de las torrenciales lluvias.<\/p>\n\n\n\n<p>Seg\u00fan informaci\u00f3n de Protecci\u00f3n Civil de esa entidad, hay m\u00e1s de 630 familias afectadas, 15 tramos carreteros afectados, mil 288 viviendas da\u00f1adas y cinco r\u00edos desbordados.&nbsp;<\/p>\n\n\n\n<p>Dos personas perdieron la vida en la comunidad El Carrizal municipio de Tila por el deslizamiento de un cerro que afect\u00f3 a una vivienda, una m\u00e1s fue arrastrada por un r\u00edo en San Juan Chamula, cuando intentaba cruzar a bordo de su veh\u00edculo y metros m\u00e1s adelante fue localizado su cuerpo.<\/p>\n\n\n\n<p>En el Barrio El Ed\u00e9n en Ocosingo hubo una v\u00edctima m\u00e1s de nombre Tom\u00e1s S\u00e1nchez L\u00f3pez, quien fue localizado despu\u00e9s de ser arrastrado por la corriente del r\u00edo Shish.&nbsp;<\/p>\n\n\n\n<p>En Veracruz, ayer fue localizado el cuerpo de un individuo arrastrado por la corriente de un r\u00edo en Catemaco y cuyo video se hizo viral, presuntamente porque no recibi\u00f3 la ayuda de los espectadores, pese a la tragedia.<\/p>\n\n\n\n<p>El hombre intentaba sujetarse a un puente en la localidad de La Victoria, municipio de Catemaco, pero fue arrastrado; lo hallaron sin vida ayer por la tarde.<\/p>\n\n\n\n<p>Con esta v\u00edctima suman tres decesos a causa de las intensas lluvias en el estado de Veracruz.<\/p>\n","protected":false},"excerpt":{"rendered":"<p>Raymundo Morales\/Zona Roja. Oaxaca de Ju\u00e1rez, Oax., a 22 de octubre de 2024.- Ocho personas&hellip;<\/p>\n","protected":false},"author":2,"featured_media":73687,"comment_status":"closed","ping_status":"open","sticky":false,"template":"","format":"standard","meta":{"_lmt_disableupdate":"","_lmt_disable":"","_jetpack_memberships_contains_paid_content":false,"footnotes":""},"categories":[109,47],"tags":[848],"class_list":["post-73686","post","type-post","status-publish","format-standard","has-post-thumbnail","hentry","category-minuto-a-minuto","category-zona-gris","tag-danos-lluvias-oaxaca"],"jetpack_featured_media_url":"https:\/\/zonaroja.com.mx\/wp-content\/uploads\/2024\/10\/Lluvias-y-deslaves-Oaxaca.jpeg","jetpack_sharing_enabled":true,"_links":{"self":[{"href":"https:\/\/zonaroja.com.mx\/index.php?rest_route=\/wp\/v2\/posts\/73686","targetHints":{"allow":["GET"]}}],"collection":[{"href":"https:\/\/zonaroja.com.mx\/index.php?rest_route=\/wp\/v2\/posts"}],"about":[{"href":"https:\/\/zonaroja.com.mx\/index.php?rest_route=\/wp\/v2\/types\/post"}],"author":[{"embeddable":true,"href":"https:\/\/zonaroja.com.mx\/index.php?rest_route=\/wp\/v2\/users\/2"}],"replies":[{"embeddable":true,"href":"https:\/\/zonaroja.com.mx\/index.php?rest_route=%2Fwp%2Fv2%2Fcomments&post=73686"}],"version-history":[{"count":1,"href":"https:\/\/zonaroja.com.mx\/index.php?rest_route=\/wp\/v2\/posts\/73686\/revisions"}],"predecessor-version":[{"id":73688,"href":"https:\/\/zonaroja.com.mx\/index.php?rest_route=\/wp\/v2\/posts\/73686\/revisions\/73688"}],"wp:featuredmedia":[{"embeddable":true,"href":"https:\/\/zonaroja.com.mx\/index.php?rest_route=\/wp\/v2\/media\/73687"}],"wp:attachment":[{"href":"https:\/\/zonaroja.com.mx\/index.php?rest_route=%2Fwp%2Fv2%2Fmedia&parent=73686"}],"wp:term":[{"taxonomy":"category","embeddable":true,"href":"https:\/\/zonaroja.com.mx\/index.php?rest_route=%2Fwp%2Fv2%2Fcategories&post=73686"},{"taxonomy":"post_tag","embeddable":true,"href":"https:\/\/zonaroja.com.mx\/index.php?rest_route=%2Fwp%2Fv2%2Ftags&post=73686"}],"curies":[{"name":"wp","href":"https:\/\/api.w.org\/{rel}","templated":true}]}}