{"id":73689,"date":"2024-10-22T09:30:00","date_gmt":"2024-10-22T15:30:00","guid":{"rendered":"https:\/\/zonaroja.com.mx\/?p=73689"},"modified":"2024-10-22T07:59:31","modified_gmt":"2024-10-22T13:59:31","slug":"fortalecen-en-oaxaca-capital-operativos-para-prevenir-violencia-contra-la-mujer","status":"publish","type":"post","link":"https:\/\/zonaroja.com.mx\/?p=73689","title":{"rendered":"Fortalecen en Oaxaca capital operativos para prevenir violencia contra la mujer"},"content":{"rendered":"\n<p>Redacci\u00f3n\/Zona Roja.<\/p>\n\n\n\n<p>Oaxaca de Ju\u00e1rez, Oax., a 22 de octubre de 2024.- La actual administraci\u00f3n del edil capitalino, Francisco Mart\u00ednez Neri, ha puesto como prioridad la protecci\u00f3n de los derechos de las mujeres en el municipio de Oaxaca de Ju\u00e1rez y es trav\u00e9s de la &nbsp;Secretar\u00eda de Seguridad Ciudadana, Movilidad y Protecci\u00f3n Civil que se mantienen permanentes los esfuerzos para combatir la violencia de g\u00e9nero durante los meses de septiembre y octubre de 2024, realizando diversas acciones orientadas a la protecci\u00f3n de las mujeres y el combate a los delitos que atentan contra su integridad.<\/p>\n\n\n\n<p>En septiembre y la primera semana de octubre, la dependencia implement\u00f3 un total de 325 operativos en avenidas principales, en el Centro de la ciudad y en inmediaciones de la Central de Abasto.&nbsp;<\/p>\n\n\n\n<p>Estos operativos, denominados \u201cUrbano Mujer Segura\u201d y \u201cTaxi Mujer Segura\u00bb, fueron clave para la revisi\u00f3n de 362 transportes p\u00fablicos, donde se inspeccionaron a 176 personas, con el objetivo de garantizar la seguridad de las mujeres que hacen uso de dichas unidades.<\/p>\n\n\n\n<p>Asimismo, durante este periodo se canaliz\u00f3 a 27 v\u00edctimas a diversas instancias de apoyo, incluidas la Fiscal\u00eda Especializada para la Atenci\u00f3n a Delitos Contra la Mujer por Raz\u00f3n de G\u00e9nero; la Unidad Multidisciplinaria de Atenci\u00f3n Psicol\u00f3gica y Legal de la Secretar\u00eda de Seguridad y el Instituto Municipal de la Mujer.&nbsp;<\/p>\n\n\n\n<p>Adem\u00e1s, la Unidad de Atenci\u00f3n a V\u00edctimas de Violencia por Raz\u00f3n de G\u00e9nero brind\u00f3 contenci\u00f3n emocional y primeros auxilios psicol\u00f3gicos a v\u00edctimas de delitos sexuales, maltrato infantil y violencia f\u00edsica o psicol\u00f3gica.<\/p>\n\n\n\n<p>Cabe destacar que en septiembre, 45 elementos de la Secretar\u00eda recibieron capacitaci\u00f3n en la ejecuci\u00f3n de \u00f3rdenes de protecci\u00f3n, impartida por el Tribunal Superior de Justicia del Estado. Este curso tiene como objetivo fortalecer las habilidades del personal encargado de emitir \u00f3rdenes de protecci\u00f3n, esenciales para prevenir y detener actos de violencia contra ni\u00f1as, adolescentes y mujeres.<\/p>\n\n\n\n<p>Durante septiembre y octubre tambi\u00e9n se realizaron m\u00faltiples detenciones por delitos relacionados con violencia contra la mujer.&nbsp;<\/p>\n\n\n\n<p>Entre los casos m\u00e1s destacados se encuentra la detenci\u00f3n de Jer\u00f3nimo G. M., acusado de abuso sexual contra una menor de 12 a\u00f1os en una tienda comercial de la colonia Reforma el 7 de octubre. Tambi\u00e9n, el 10 de octubre, Pedro Fernando L. Z. fue detenido tras agredir f\u00edsicamente a su concubina.<\/p>\n\n\n\n<p>Otros casos relevantes incluyen la detenci\u00f3n de Rafael \u00c1ngel G. C. por acoso sexual en la v\u00eda p\u00fablica, quien fue asegurado tras ser se\u00f1alado por dos mujeres. La mayor\u00eda de los detenidos fueron consignados a la Fiscal\u00eda General del Estado para el seguimiento de sus casos.<\/p>\n\n\n\n<p>En total, se realizaron 14 detenciones relacionadas con violencia contra la mujer. De estas, 5 corresponden a casos de abuso sexual, 8 a violencia f\u00edsica o violencia familiar, y 1 a acoso sexual.<\/p>\n\n\n\n<p>Estas acciones reflejan el compromiso del gobierno municipal para reducir la violencia de g\u00e9nero y brindar protecci\u00f3n a las mujeres en el municipio. La Secretar\u00eda de Seguridad Ciudadana, Movilidad y Protecci\u00f3n Civl sigue trabajando de manera coordinada con otras instituciones para fortalecer la atenci\u00f3n y prevenci\u00f3n de la violencia contra las mujeres, adem\u00e1s de garantizar una respuesta r\u00e1pida ante situaciones de emergencia y vulnerabilidad.<\/p>\n","protected":false},"excerpt":{"rendered":"<p>Redacci\u00f3n\/Zona Roja. Oaxaca de Ju\u00e1rez, Oax., a 22 de octubre de 2024.- La actual administraci\u00f3n&hellip;<\/p>\n","protected":false},"author":2,"featured_media":73690,"comment_status":"closed","ping_status":"open","sticky":false,"template":"","format":"standard","meta":{"_lmt_disableupdate":"","_lmt_disable":"","_jetpack_memberships_contains_paid_content":false,"footnotes":""},"categories":[109,47],"tags":[148],"class_list":["post-73689","post","type-post","status-publish","format-standard","has-post-thumbnail","hentry","category-minuto-a-minuto","category-zona-gris","tag-oaxaca-de-juarez"],"jetpack_featured_media_url":"https:\/\/zonaroja.com.mx\/wp-content\/uploads\/2024\/10\/Operativos-policia-ciudad-de-Oaxaca.jpeg","jetpack_sharing_enabled":true,"_links":{"self":[{"href":"https:\/\/zonaroja.com.mx\/index.php?rest_route=\/wp\/v2\/posts\/73689","targetHints":{"allow":["GET"]}}],"collection":[{"href":"https:\/\/zonaroja.com.mx\/index.php?rest_route=\/wp\/v2\/posts"}],"about":[{"href":"https:\/\/zonaroja.com.mx\/index.php?rest_route=\/wp\/v2\/types\/post"}],"author":[{"embeddable":true,"href":"https:\/\/zonaroja.com.mx\/index.php?rest_route=\/wp\/v2\/users\/2"}],"replies":[{"embeddable":true,"href":"https:\/\/zonaroja.com.mx\/index.php?rest_route=%2Fwp%2Fv2%2Fcomments&post=73689"}],"version-history":[{"count":1,"href":"https:\/\/zonaroja.com.mx\/index.php?rest_route=\/wp\/v2\/posts\/73689\/revisions"}],"predecessor-version":[{"id":73691,"href":"https:\/\/zonaroja.com.mx\/index.php?rest_route=\/wp\/v2\/posts\/73689\/revisions\/73691"}],"wp:featuredmedia":[{"embeddable":true,"href":"https:\/\/zonaroja.com.mx\/index.php?rest_route=\/wp\/v2\/media\/73690"}],"wp:attachment":[{"href":"https:\/\/zonaroja.com.mx\/index.php?rest_route=%2Fwp%2Fv2%2Fmedia&parent=73689"}],"wp:term":[{"taxonomy":"category","embeddable":true,"href":"https:\/\/zonaroja.com.mx\/index.php?rest_route=%2Fwp%2Fv2%2Fcategories&post=73689"},{"taxonomy":"post_tag","embeddable":true,"href":"https:\/\/zonaroja.com.mx\/index.php?rest_route=%2Fwp%2Fv2%2Ftags&post=73689"}],"curies":[{"name":"wp","href":"https:\/\/api.w.org\/{rel}","templated":true}]}}