{"id":7369,"date":"2020-01-06T21:13:38","date_gmt":"2020-01-07T03:13:38","guid":{"rendered":"https:\/\/www.zonaroja.com.mx\/?p=7369"},"modified":"2020-01-06T21:14:42","modified_gmt":"2020-01-07T03:14:42","slug":"omisa-la-fiscalia-ante-feminicidio-en-tlaxiaco-familiar-de-victima","status":"publish","type":"post","link":"https:\/\/zonaroja.com.mx\/?p=7369","title":{"rendered":"Omisa la Fiscal\u00eda ante feminicidio en Tlaxiaco: familiar de v\u00edctima\u00a0"},"content":{"rendered":"\n<p class=\"MsoNormal\">Yuridiana Sosa\/Zona Roja.<\/p>\n\n\n\n<p class=\"MsoNormal\">Oaxaca de Ju\u00e1rez, Oax., 6 de enero de 2020.- Alejandro Fernando lleva m\u00e1s de un a\u00f1o a la espera de justicia por el feminicidio de su madre, ocurrido en agosto del 2018 en Tlaxiaco; Elvira Rodr\u00edguez Soriano, mujer ind\u00edgena mixteca fue asesinada en el interior de su casa.<\/p>\n\n\n\n<p class=\"MsoNormal\">En idas y vueltas ha transcurrido el tiempo para el deudo. El delito asentado en la carpeta de investigaci\u00f3n 2780\/FMM\/2018, en la Fiscal\u00eda de Delitos contra la Mujer por Raz\u00f3n de G\u00e9nero en Tlaxiaco, s\u00f3lo es un documento m\u00e1s en el archivero de la dependencia.<\/p>\n\n\n\n<p class=\"MsoNormal\">As\u00ed lo denunci\u00f3 Alejandro Fernando Rodr\u00edguez Soriano y el Centro de Derechos Humanos y Asesor\u00eda a Pueblos Ind\u00edgenas (Cedhapi), quienes exigieron a la Fiscal\u00eda General del Estado trabajar en la investigaci\u00f3n del caso de Elvira.<\/p>\n\n\n\n<p class=\"MsoNormal\">La madre soltera fue asesinada a los 46 a\u00f1os de edad en el interior de su domicilio. Ella, de oficio trabajadora de limpieza en casas, fue encontrada sin vida por su hijo.<\/p>\n\n\n\n<p class=\"MsoNormal\">Alejandro recuerda el momento con claridad. El 27 de agosto del 2018 \u00e9l regres\u00f3 a su pueblo natal luego de tres meses de estancia laboral en Hermosillo, Sonora; fue entonces cuando al entrar a la vivienda en el barrio de San Sebasti\u00e1n, se percat\u00f3 de un desorden inusual en casa.<\/p>\n\n\n\n<p class=\"MsoNormal\">El cuerpo de su madre se encontraba en el suelo sin vida, en medio de un charco de sangre, pero tambi\u00e9n con un cable amarrado al cuello.<\/p>\n\n\n\n<p class=\"MsoNormal\">La familia de Elvira, y la asociaci\u00f3n civil refieren que el caso \u201cno es investigado\u201d por la Fiscal\u00eda, pues a pesar que existe una carpeta del caso, en trabajo no se efect\u00faa la indagatoria, pues no existe informaci\u00f3n sobre al respecto.<\/p>\n\n\n\n<p class=\"MsoNormal\">Este suceso no es el \u00fanico por el que las organizaciones civiles alzan la voz para manifestarse contra la falta de trabajos por parte de la Fiscal\u00eda General de Oaxaca respecto a los feminicidios.<\/p>\n\n\n\n<p class=\"MsoNormal\">El Grupo de Estudios sobre la Mujer, \u201cRosario Castellanos\u201d, indic\u00f3 que en el actual sexenio se han cometido 382 asesinatos de mujeres, los cuales merecen atenci\u00f3n en sus investigaciones.<\/p>\n\n\n\n<p class=\"MsoNormal\">Pero, la cifra de feminicidios para la Fiscal\u00eda General del Estado de Oaxaca, de enero a octubre de 2019, (seg\u00fan sus reportes) se limit\u00f3 a 24 casos de las 112 muertes violentas de mujeres.<\/p>\n\n\n\n<p class=\"MsoNormal\">Posterior a la Alerta de G\u00e9nero, emitida el 30 de agosto del 2018,&nbsp;a la fecha en la entidad se han cometido m\u00e1s de 160 asesinatos de oaxaque\u00f1as, de acuerdo con cifras de Consorcio para el Dialogo Parlamentario y Equidad Oaxaca.<\/p>\n","protected":false},"excerpt":{"rendered":"<p>Yuridiana Sosa\/Zona Roja. Oaxaca de Ju\u00e1rez, Oax., 6 de enero de 2020.- Alejandro Fernando lleva&hellip;<\/p>\n","protected":false},"author":2,"featured_media":7179,"comment_status":"closed","ping_status":"open","sticky":false,"template":"","format":"standard","meta":{"_lmt_disableupdate":"","_lmt_disable":"","_jetpack_memberships_contains_paid_content":false,"footnotes":""},"categories":[109,51],"tags":[643],"class_list":["post-7369","post","type-post","status-publish","format-standard","has-post-thumbnail","hentry","category-minuto-a-minuto","category-zona-roja","tag-heroica-ciudad-de-tlaxiaco"],"jetpack_featured_media_url":"https:\/\/zonaroja.com.mx\/wp-content\/uploads\/2020\/01\/Ejecutado-x.jpg","jetpack_sharing_enabled":true,"_links":{"self":[{"href":"https:\/\/zonaroja.com.mx\/index.php?rest_route=\/wp\/v2\/posts\/7369","targetHints":{"allow":["GET"]}}],"collection":[{"href":"https:\/\/zonaroja.com.mx\/index.php?rest_route=\/wp\/v2\/posts"}],"about":[{"href":"https:\/\/zonaroja.com.mx\/index.php?rest_route=\/wp\/v2\/types\/post"}],"author":[{"embeddable":true,"href":"https:\/\/zonaroja.com.mx\/index.php?rest_route=\/wp\/v2\/users\/2"}],"replies":[{"embeddable":true,"href":"https:\/\/zonaroja.com.mx\/index.php?rest_route=%2Fwp%2Fv2%2Fcomments&post=7369"}],"version-history":[{"count":1,"href":"https:\/\/zonaroja.com.mx\/index.php?rest_route=\/wp\/v2\/posts\/7369\/revisions"}],"predecessor-version":[{"id":7370,"href":"https:\/\/zonaroja.com.mx\/index.php?rest_route=\/wp\/v2\/posts\/7369\/revisions\/7370"}],"wp:featuredmedia":[{"embeddable":true,"href":"https:\/\/zonaroja.com.mx\/index.php?rest_route=\/wp\/v2\/media\/7179"}],"wp:attachment":[{"href":"https:\/\/zonaroja.com.mx\/index.php?rest_route=%2Fwp%2Fv2%2Fmedia&parent=7369"}],"wp:term":[{"taxonomy":"category","embeddable":true,"href":"https:\/\/zonaroja.com.mx\/index.php?rest_route=%2Fwp%2Fv2%2Fcategories&post=7369"},{"taxonomy":"post_tag","embeddable":true,"href":"https:\/\/zonaroja.com.mx\/index.php?rest_route=%2Fwp%2Fv2%2Ftags&post=7369"}],"curies":[{"name":"wp","href":"https:\/\/api.w.org\/{rel}","templated":true}]}}