{"id":73692,"date":"2024-10-22T10:30:00","date_gmt":"2024-10-22T16:30:00","guid":{"rendered":"https:\/\/zonaroja.com.mx\/?p=73692"},"modified":"2024-10-22T08:21:16","modified_gmt":"2024-10-22T14:21:16","slug":"conectaran-puerto-de-salina-cruz-con-sines-portugal","status":"publish","type":"post","link":"https:\/\/zonaroja.com.mx\/?p=73692","title":{"rendered":"Conectar\u00e1n puerto de Salina Cruz con Sines, Portugal"},"content":{"rendered":"\n<p>Raymundo Morales\/Zona Roja.<\/p>\n\n\n\n<p>Oaxaca de Ju\u00e1rez, Oax. 21 de octubre de 2024.- El puerto de Salina Cruz, Oaxaca, tendr\u00e1 acceso a una plataforma electr\u00f3nica con Puerto de Sines, Portugal, que conecta a las administraciones del transporte mar\u00edtimo, ferroviario y carretero.<\/p>\n\n\n\n<p>As\u00ed lo anunci\u00f3 el gobernador Salom\u00f3n Jara Cruz, al dar a conocer los pormenores de la gira de trabajo que realiz\u00f3 por ese pa\u00eds europeo.<\/p>\n\n\n\n<p>En la conferencia detall\u00f3 las acciones realizadas en Portugal, donde se dio a conocer la operaci\u00f3n log\u00edstica del puerto europeo que conectar\u00e1 con el Corredor Interoce\u00e1nico del Istmo de Tehuantepec (CIIT).&nbsp;<\/p>\n\n\n\n<p>Asegur\u00f3 que al sumar a Salina Cruz a la ruta mar\u00edtima entre Coatzacoalcos y Sines, se agilizar\u00e1 el tr\u00e1nsito del transporte y las mercanc\u00edas, y se mejorar\u00e1 considerablemente la eficiencia de la cadena log\u00edstica.&nbsp;<\/p>\n\n\n\n<p>Tambi\u00e9n, se incluy\u00f3 el compromiso para vincular a universidades de Oaxaca y ofrecer nuevas oportunidades a las juventudes.<\/p>\n\n\n\n<p>\u201cAcordamos un mayor intercambio de conocimientos sobre gesti\u00f3n portuaria, log\u00edstica, infraestructura, tecnolog\u00eda y sostenibilidad, lo que fortalecer\u00e1 la eficiencia portuaria de Salina Cruz y va a elevar nuestra competitividad global\u201d, a\u00f1adi\u00f3.&nbsp;<\/p>\n\n\n\n<p>Entre otros temas que abord\u00f3 ayer, refiri\u00f3 que las gobernadoras y gobernadores de la Cuarta Transformaci\u00f3n seguir\u00e1n apoyando la reforma al Poder Judicial, por lo que defender\u00e1n el respeto a la voluntad popular.&nbsp;<\/p>\n\n\n\n<p>\u201cLa resistencia y el desacato de algunos jueces a lo aprobado por el constituyente permanente, no impedir\u00e1 que la transformaci\u00f3n avance y se concrete. Desde Oaxaca, reiteramos el llamado a reconocer y aceptar el mandato de las y los mexicanos\u201d, expres\u00f3.&nbsp;<\/p>\n\n\n\n<p>Tambi\u00e9n detall\u00f3 que, como parte de la atenci\u00f3n brindada a las comunidades afectadas por el hurac\u00e1n \u201cJohn\u201d, sostuvo una reuni\u00f3n virtual con la Presidenta Claudia Sheinbaum, donde se evalu\u00f3 el avance en la atenci\u00f3n hasta el momento.&nbsp;<\/p>\n\n\n\n<p>\u201cEstamos trabajando de manera coordinada con el Gobierno de la Rep\u00fablica para garantizar el apoyo a todas las familias de la zona, agradezco las acciones de nuestra Presidenta para ayudar a nuestros paisanos damnificados de manera directa e inmediata, as\u00ed como a las diversas dependencias de nuestro estado que est\u00e1n participando\u201d. &nbsp;<\/p>\n","protected":false},"excerpt":{"rendered":"<p>Raymundo Morales\/Zona Roja. Oaxaca de Ju\u00e1rez, Oax. 21 de octubre de 2024.- El puerto de&hellip;<\/p>\n","protected":false},"author":2,"featured_media":73693,"comment_status":"closed","ping_status":"open","sticky":false,"template":"","format":"standard","meta":{"_lmt_disableupdate":"","_lmt_disable":"","_jetpack_memberships_contains_paid_content":false,"footnotes":""},"categories":[109,46],"tags":[939],"class_list":["post-73692","post","type-post","status-publish","format-standard","has-post-thumbnail","hentry","category-minuto-a-minuto","category-zona-blanca","tag-salomon-jara-cruz"],"jetpack_featured_media_url":"https:\/\/zonaroja.com.mx\/wp-content\/uploads\/2024\/10\/Puerto-de-Sines-Portugal.jpg","jetpack_sharing_enabled":true,"_links":{"self":[{"href":"https:\/\/zonaroja.com.mx\/index.php?rest_route=\/wp\/v2\/posts\/73692","targetHints":{"allow":["GET"]}}],"collection":[{"href":"https:\/\/zonaroja.com.mx\/index.php?rest_route=\/wp\/v2\/posts"}],"about":[{"href":"https:\/\/zonaroja.com.mx\/index.php?rest_route=\/wp\/v2\/types\/post"}],"author":[{"embeddable":true,"href":"https:\/\/zonaroja.com.mx\/index.php?rest_route=\/wp\/v2\/users\/2"}],"replies":[{"embeddable":true,"href":"https:\/\/zonaroja.com.mx\/index.php?rest_route=%2Fwp%2Fv2%2Fcomments&post=73692"}],"version-history":[{"count":1,"href":"https:\/\/zonaroja.com.mx\/index.php?rest_route=\/wp\/v2\/posts\/73692\/revisions"}],"predecessor-version":[{"id":73694,"href":"https:\/\/zonaroja.com.mx\/index.php?rest_route=\/wp\/v2\/posts\/73692\/revisions\/73694"}],"wp:featuredmedia":[{"embeddable":true,"href":"https:\/\/zonaroja.com.mx\/index.php?rest_route=\/wp\/v2\/media\/73693"}],"wp:attachment":[{"href":"https:\/\/zonaroja.com.mx\/index.php?rest_route=%2Fwp%2Fv2%2Fmedia&parent=73692"}],"wp:term":[{"taxonomy":"category","embeddable":true,"href":"https:\/\/zonaroja.com.mx\/index.php?rest_route=%2Fwp%2Fv2%2Fcategories&post=73692"},{"taxonomy":"post_tag","embeddable":true,"href":"https:\/\/zonaroja.com.mx\/index.php?rest_route=%2Fwp%2Fv2%2Ftags&post=73692"}],"curies":[{"name":"wp","href":"https:\/\/api.w.org\/{rel}","templated":true}]}}