{"id":73695,"date":"2024-10-22T12:22:00","date_gmt":"2024-10-22T18:22:00","guid":{"rendered":"https:\/\/zonaroja.com.mx\/?p=73695"},"modified":"2024-10-22T08:27:00","modified_gmt":"2024-10-22T14:27:00","slug":"opinion-a-dos-fuegos","status":"publish","type":"post","link":"https:\/\/zonaroja.com.mx\/?p=73695","title":{"rendered":"Opini\u00f3n. A dos fuegos"},"content":{"rendered":"\n<p>Isidoro Yescas*<\/p>\n\n\n\n<p>Escribe Luis Hern\u00e1ndez en \u201cLa Jornada\u201d: \u201cChiapas es un polvor\u00edn. Secuestros, asesinatos, amenazas de muerte y bloqueos se extienden por todo el territorio. Apenas el pasado 30 de septiembre, un comando armado incendi\u00f3 la presidencia municipal de Benem\u00e9rito de las Am\u00e9ricas. En las regiones Sierra y Frontera los combates entre c\u00e1rteles se suceden sin interrupci\u00f3n, mientras miles de pobladores se encuentran desplazados\u201d.&nbsp;(\u201cChiapas, la guerra civil llama a la puerta\u201d, en \u201cLa Jornada\u201d, octubre 18 del 2024).<\/p>\n\n\n\n<p>La&nbsp;situaci\u00f3n &nbsp;en&nbsp;Guerrero, el otro estado vecino de Oaxaca, no es tan diferente&nbsp;a\u00fan cuando all\u00ed la disputa de c\u00e1rteles &nbsp;por el control territorial es m\u00e1s a\u00f1eja y&nbsp;sangrienta y&nbsp;ya toc\u00f3 las puertas de la ciudad capital, tal como qued\u00f3 evidenciado con la reciente ejecuci\u00f3n y decapitaci\u00f3n &nbsp;del presidente municipal de Chilpancingo,&nbsp;Alejandro Arcos.&nbsp;<\/p>\n\n\n\n<p>Y atrapado a dos fuegos, entre la violencia cotidiana que se registra lo mismo en Chiapas que en Guerrero, nuestra entidad&nbsp;ya perdi\u00f3 su condici\u00f3n de un estado seguro a\u00fan cuando la violencia que se vive en las regiones del Istmo, Costa y Valles Centrales, fundamentalmente, todav\u00eda no alcanza los niveles registrados en las dos entidades vecinas.<\/p>\n\n\n\n<p>En el a\u00f1o 2020, el pen\u00faltimo del gobierno&nbsp;muratista, escrib\u00ed lo siguiente a prop\u00f3sito del ascenso de la violencia&nbsp;criminal :<\/p>\n\n\n\n<p>\u201cEn los tres primeros a\u00f1os del gobierno en turno&nbsp;pasamos &nbsp;de&nbsp;&nbsp;los \u2018hechos aislados\u2019 a \u2018uno de las diez entidades m\u00e1s seguras del pa\u00eds\u2019. Y hoy, pese al avance incontenible de la violencia e impunidad, desde la jefatura del poder ejecutivo se genera un nuevo discurso: \u2018en Oaxaca se respira paz y gobernabilidad\u2019\u201d.&nbsp;<\/p>\n\n\n\n<p>En la misma ocasi\u00f3n coment\u00e9 que frente a esta&nbsp;ola delictiva,&nbsp;la rutina&nbsp;de&nbsp;los&nbsp;tres niveles de gobierno&nbsp;era \u201creunirse todas las ma\u00f1anas para revisar cifras, evaluar su propio desempe\u00f1o, realizar un control de da\u00f1os, asignar tareas y persignarse para al d\u00eda siguiente hacer lo mismo\u201d&nbsp; (\u201cSe cae el mito del estado seguro\u201d, en \u201cNoticias\u201d, enero 23 del 2020).<\/p>\n\n\n\n<p>Ya por insuficiencia presupuestal, baja capacidad operativa, descoordinaci\u00f3n institucional&nbsp;entre el gobierno federal con el gobierno del estado y de \u00e9ste con los gobiernos municipales,&nbsp;lo cierto es que, durante el gobierno&nbsp;muratista&nbsp;poco o nada se hizo para reducir los \u00edndices delictivos&nbsp;y&nbsp;para&nbsp;frenar al crimen organizado, pese a que ya desde entonces Oaxaca contaba con una fuerte presencia de la Guardia Nacional.&nbsp;<\/p>\n\n\n\n<p>Y sin ninguna estrategia eficaz y escasa disposici\u00f3n oficial para combatir a los grupos delictivos,&nbsp;la violencia empez\u00f3 a normalizarse al punto que hoy ya est\u00e1 tocando fondo.<\/p>\n\n\n\n<p>Es cierto que ning\u00fan municipio de Oaxaca aparece todav\u00eda en el mapa de riesgos del gobierno federal y&nbsp;tampoco &nbsp;la&nbsp;entidad toda se considera, en lo que hace al sur-sureste del pa\u00eds,&nbsp;&nbsp;como &nbsp;un foco rojo, como son los casos de Guerrero y Chiapas, en donde ya el crimen organizado controla pol\u00edtica y econ\u00f3micamente &nbsp;amplias franjas de dichas entidades.&nbsp;<\/p>\n\n\n\n<p>No obstante, el incremento de la violencia criminal, expresado en un mayor n\u00famero de homicidios dolosos y de desapariciones forzadas y una &nbsp;mayor inseguridad en &nbsp;las carreteras, son se\u00f1ales preocupantes&nbsp;que estar\u00edan anticipando&nbsp;un escenario de mayor inseguridad y &nbsp;afianzamiento de los c\u00e1rteles&nbsp;que ya no solamente&nbsp;luchan por el control en la distribuci\u00f3n de todo tipo de drogas y estupefacientes sino tambi\u00e9n por cargos de elecci\u00f3n popular y por el control de municipios, tal como ya ocurre en Guerrero y Chiapas.&nbsp;<\/p>\n\n\n\n<p>Ya casi transcurridos los dos primeros a\u00f1os de un gobierno que prometi\u00f3 ser distinto a su antecesor pero que hasta ahora, en los hechos, no ha demostrado fehacientemente ser diferente (solo hay que observar sus reacciones y el tratamiento que le ha dado al caso de la desaparici\u00f3n de la abogada mixe Sandra Dom\u00ednguez) puede ser un buen deseo que se vea mas la mano de izquierda del gobernante para, otra vez en los hechos, devolverle a Oaxaca esa paz y seguridad&nbsp;que se perdi\u00f3 con el&nbsp;priato.&nbsp;<\/p>\n\n\n\n<p>*Maestro en Sociolog\u00eda.<\/p>\n","protected":false},"excerpt":{"rendered":"<p>Isidoro Yescas* Escribe Luis Hern\u00e1ndez en \u201cLa Jornada\u201d: \u201cChiapas es un polvor\u00edn. Secuestros, asesinatos, amenazas&hellip;<\/p>\n","protected":false},"author":2,"featured_media":71623,"comment_status":"closed","ping_status":"open","sticky":false,"template":"","format":"standard","meta":{"_lmt_disableupdate":"","_lmt_disable":"","_jetpack_memberships_contains_paid_content":false,"footnotes":""},"categories":[456,109],"tags":[3998],"class_list":["post-73695","post","type-post","status-publish","format-standard","has-post-thumbnail","hentry","category-columna","category-minuto-a-minuto","tag-isidoro-yescas-martinez"],"jetpack_featured_media_url":"https:\/\/zonaroja.com.mx\/wp-content\/uploads\/2024\/08\/Opinion.-Isidoro-Yescas.jpg","jetpack_sharing_enabled":true,"_links":{"self":[{"href":"https:\/\/zonaroja.com.mx\/index.php?rest_route=\/wp\/v2\/posts\/73695","targetHints":{"allow":["GET"]}}],"collection":[{"href":"https:\/\/zonaroja.com.mx\/index.php?rest_route=\/wp\/v2\/posts"}],"about":[{"href":"https:\/\/zonaroja.com.mx\/index.php?rest_route=\/wp\/v2\/types\/post"}],"author":[{"embeddable":true,"href":"https:\/\/zonaroja.com.mx\/index.php?rest_route=\/wp\/v2\/users\/2"}],"replies":[{"embeddable":true,"href":"https:\/\/zonaroja.com.mx\/index.php?rest_route=%2Fwp%2Fv2%2Fcomments&post=73695"}],"version-history":[{"count":1,"href":"https:\/\/zonaroja.com.mx\/index.php?rest_route=\/wp\/v2\/posts\/73695\/revisions"}],"predecessor-version":[{"id":73696,"href":"https:\/\/zonaroja.com.mx\/index.php?rest_route=\/wp\/v2\/posts\/73695\/revisions\/73696"}],"wp:featuredmedia":[{"embeddable":true,"href":"https:\/\/zonaroja.com.mx\/index.php?rest_route=\/wp\/v2\/media\/71623"}],"wp:attachment":[{"href":"https:\/\/zonaroja.com.mx\/index.php?rest_route=%2Fwp%2Fv2%2Fmedia&parent=73695"}],"wp:term":[{"taxonomy":"category","embeddable":true,"href":"https:\/\/zonaroja.com.mx\/index.php?rest_route=%2Fwp%2Fv2%2Fcategories&post=73695"},{"taxonomy":"post_tag","embeddable":true,"href":"https:\/\/zonaroja.com.mx\/index.php?rest_route=%2Fwp%2Fv2%2Ftags&post=73695"}],"curies":[{"name":"wp","href":"https:\/\/api.w.org\/{rel}","templated":true}]}}