{"id":73697,"date":"2024-10-22T11:30:00","date_gmt":"2024-10-22T17:30:00","guid":{"rendered":"https:\/\/zonaroja.com.mx\/?p=73697"},"modified":"2024-10-22T08:34:00","modified_gmt":"2024-10-22T14:34:00","slug":"grupo-armado-asalta-domicilio-de-atleta-paralimpica-en-oaxaca-y-agrede-a-familia","status":"publish","type":"post","link":"https:\/\/zonaroja.com.mx\/?p=73697","title":{"rendered":"Grupo armado asalta domicilio de atleta paral\u00edmpica en Oaxaca y agrede a familia\u00a0"},"content":{"rendered":"\n<p>Redacci\u00f3n\/Zona Roja.<\/p>\n\n\n\n<p>Oaxaca de Ju\u00e1rez, Oax., a 22 de octubre de 2024.- Despu\u00e9s de haber sido v\u00edctima de la delincuencia, la noche del viernes18 de octubre en la agencia municipal de San Felipe del Agua, donde actualmente vive, la destacada paraciclista Gilda Andrea Hern\u00e1ndez, denunci\u00f3 que un grupo de siete supuestos polic\u00edas estatales, irrumpieron con alto grado de violencia a su casa, amagaron a cinco de sus familiares, dentro de ellos sus padres, abuela y hermano, a este \u00faltimo lo golpearon, para enseguida hurtar cosas de valor como dinero en efectivo, tel\u00e9fonos m\u00f3viles, joyer\u00eda, y sobre todo la presea que recibi\u00f3 por haber ganado el Premio Estatal del Deporte, a la mejor deportista de Oaxaca, en el a\u00f1o 2020.<\/p>\n\n\n\n<p>\u201cSaquearon toda mi casa, adem\u00e1s de causar da\u00f1os a las puertas. Por favor si reciben llamadas directas o mensajes de texto \u2018normal\u2019 no contesten y h\u00e1ganmelo saber. Pido ayuda para denunciar la agresi\u00f3n y el robo\u201d, expres\u00f3 la ciclista amputada de una pierna, Gilda Andrea Hern\u00e1ndez.<\/p>\n\n\n\n<p>Ante gravedad del hecho violento en contra de la familia de la deportista, la multimedallista nacional, ex seleccionada mexicana de paraciclismo y actual alumna de la Universidad An\u00e1huac Oaxaca, Gilda Andrea Hern\u00e1ndez, alert\u00f3 a la comunidad en general y solicit\u00f3 a las autoridades intensificar con las investigaciones para detener a los delincuentes que operan impunemente ante la falta de seguridad en localidades como el libramiento de San Felipe del Agua, en donde ella vive actualmente.<\/p>\n\n\n\n<p>(Informaci\u00f3n de Boom Digital)<\/p>\n","protected":false},"excerpt":{"rendered":"<p>Redacci\u00f3n\/Zona Roja. Oaxaca de Ju\u00e1rez, Oax., a 22 de octubre de 2024.- Despu\u00e9s de haber&hellip;<\/p>\n","protected":false},"author":2,"featured_media":73698,"comment_status":"closed","ping_status":"open","sticky":false,"template":"","format":"standard","meta":{"_lmt_disableupdate":"","_lmt_disable":"","_jetpack_memberships_contains_paid_content":false,"footnotes":""},"categories":[109,47],"tags":[2697],"class_list":["post-73697","post","type-post","status-publish","format-standard","has-post-thumbnail","hentry","category-minuto-a-minuto","category-zona-gris","tag-gilda-andrea-hernandez-ramirez"],"jetpack_featured_media_url":"https:\/\/zonaroja.com.mx\/wp-content\/uploads\/2024\/10\/Gilda-Andrea.jpg","jetpack_sharing_enabled":true,"_links":{"self":[{"href":"https:\/\/zonaroja.com.mx\/index.php?rest_route=\/wp\/v2\/posts\/73697","targetHints":{"allow":["GET"]}}],"collection":[{"href":"https:\/\/zonaroja.com.mx\/index.php?rest_route=\/wp\/v2\/posts"}],"about":[{"href":"https:\/\/zonaroja.com.mx\/index.php?rest_route=\/wp\/v2\/types\/post"}],"author":[{"embeddable":true,"href":"https:\/\/zonaroja.com.mx\/index.php?rest_route=\/wp\/v2\/users\/2"}],"replies":[{"embeddable":true,"href":"https:\/\/zonaroja.com.mx\/index.php?rest_route=%2Fwp%2Fv2%2Fcomments&post=73697"}],"version-history":[{"count":1,"href":"https:\/\/zonaroja.com.mx\/index.php?rest_route=\/wp\/v2\/posts\/73697\/revisions"}],"predecessor-version":[{"id":73699,"href":"https:\/\/zonaroja.com.mx\/index.php?rest_route=\/wp\/v2\/posts\/73697\/revisions\/73699"}],"wp:featuredmedia":[{"embeddable":true,"href":"https:\/\/zonaroja.com.mx\/index.php?rest_route=\/wp\/v2\/media\/73698"}],"wp:attachment":[{"href":"https:\/\/zonaroja.com.mx\/index.php?rest_route=%2Fwp%2Fv2%2Fmedia&parent=73697"}],"wp:term":[{"taxonomy":"category","embeddable":true,"href":"https:\/\/zonaroja.com.mx\/index.php?rest_route=%2Fwp%2Fv2%2Fcategories&post=73697"},{"taxonomy":"post_tag","embeddable":true,"href":"https:\/\/zonaroja.com.mx\/index.php?rest_route=%2Fwp%2Fv2%2Ftags&post=73697"}],"curies":[{"name":"wp","href":"https:\/\/api.w.org\/{rel}","templated":true}]}}