{"id":73703,"date":"2024-10-22T12:27:00","date_gmt":"2024-10-22T18:27:00","guid":{"rendered":"https:\/\/zonaroja.com.mx\/?p=73703"},"modified":"2024-10-22T09:28:39","modified_gmt":"2024-10-22T15:28:39","slug":"es-chiapas-un-campo-de-guerra-civil-advierten-ongs","status":"publish","type":"post","link":"https:\/\/zonaroja.com.mx\/?p=73703","title":{"rendered":"Es Chiapas \u201cun campo de guerra civil\u201d, advierten ONG\u2019s"},"content":{"rendered":"\n<p>Redacci\u00f3n\/Zona Roja Cdmx.<\/p>\n\n\n\n<p>Ciudad de M\u00e9xico, a 22 de octubre de 2024.- Organizaciones civiles advirtieron que Chiapas&nbsp;se ha convertido en un \u201ccampo de guerra civil\u201d ante el recrudecimiento de la violencia contra defensores de la tierra y pueblos ind\u00edgenas, como el padre Marcelo P\u00e9rez P\u00e9rez, asesinado el domingo.<\/p>\n\n\n\n<p>\u201cA poco m\u00e1s de dos semanas de la presidencia de Claudia Sheinbaum, Chiapas est\u00e1 en un escenario de guerra civil\u201d, alertaron en un pronunciamiento colectivo, le\u00eddo por la actriz Julieta Egurrola en una conferencia de prensa en Ciudad de M\u00e9xico.<\/p>\n\n\n\n<p>Los denunciantes recordaron que en 2021 el Ej\u00e9rcito Zapatista de Liberaci\u00f3n Nacional (EZLN) avis\u00f3 que Chiapas estaba \u201cal borde de la guerra civil\u201d, y afirmaron que hoy se ha convertido en \u201cun campo\u201d de dicha guerra.<\/p>\n\n\n\n<p>Asimismo, denunciaron que desde hace semanas habitantes del poblado \u20186 de octubre\u2019 del Ej\u00e9rcito Zapatista de Liberaci\u00f3n Nacional (EZLN) han recibido amenazas \u201ccon armas de alto poder, violaciones de mujeres, quema de casas y el robo de sus pertenencias cosechas y animales para desalojarlos de las tierras\u201d.<\/p>\n\n\n\n<p>Carlos Gonz\u00e1lez, integrante del Congreso Nacional Ind\u00edgena (CNI), detall\u00f3 que los comuneros han sido amenazados por pobladores de otra comunidad llamada Palestina, \u201cacompa\u00f1ados por integrantes del crimen organizado en apariencia del C\u00e1rtel Jalisco Nueva Generaci\u00f3n\u201d.<\/p>\n\n\n\n<p>\u201cEsta situaci\u00f3n es de suma gravedad, pero con lo que ocurri\u00f3 (domingo 20), el asesinato violento y atroz del p\u00e1rroco Marcelo P\u00e9rez P\u00e9rez cuando se dirig\u00eda a la iglesia de Guadalupe en San Crist\u00f3bal de las Casas, despu\u00e9s de haber oficiado misa, el escenario se vuelve todav\u00eda m\u00e1s oscuro\u201d, alert\u00f3 Gonz\u00e1lez.<\/p>\n\n\n\n<p>\u201cEstamos en medio de una guerra que d\u00eda con d\u00eda est\u00e1 creciendo(\u2026) Chiapas est\u00e1 en guerra, M\u00e9xico est\u00e1 en guerra\u201d, indic\u00f3.<\/p>\n\n\n\n<p>Gonz\u00e1lez advirti\u00f3 que \u201clas instituciones del Estado mexicano, del color (partido pol\u00edtico) que sean, est\u00e1n penetradas por los c\u00e1rteles criminales\u201d y que \u201cest\u00e1n siendo utilizados como instrumento para la ocupaci\u00f3n de los territorios\u201d.<\/p>\n\n\n\n<p>\u201cDe este modo es que se permite la ocupaci\u00f3n de la frontera con Guatemala sin que exista una acci\u00f3n determinante del Estado mexicano para detener la cruenta guerra que se vive en esta parte del pa\u00eds con centenas de personas desaparecidas, sobre todo j\u00f3venes, asesinadas, poblaciones abandonadas o semiabandonadas como la frontera Comalapa\u201d, se\u00f1al\u00f3.<\/p>\n\n\n\n<p>Gonz\u00e1lez avis\u00f3 que \u201cesta guerra se articula\u201d en \u201clos grandes megaproyectos que han sido impulsados desde hace m\u00e1s de 20 a\u00f1os por los intereses del Gobierno de Estados Unidos y por las grandes corporaciones multinacionales\u201d, como el Tren Maya, en el sureste mexicano.<\/p>\n\n\n\n<p>\u201cY que quede claro y que se diga fuerte: esto pas\u00f3 con (el expresidente Felipe) Calder\u00f3n (2006-2012), pero sigue pasando actualmente\u201d, mencion\u00f3.<\/p>\n\n\n\n<p>As\u00ed, los activistas hicieron un llamado al Gobierno \u201ca que paren la guerra y dejen de colaborar con los c\u00e1rteles\u201d, y en el pronunciamiento firmado por diversos colectivos y actores, como Diego Luna, pidieron poner fin a la militarizaci\u00f3n.<\/p>\n\n\n\n<p>Finalmente, Isabel Valencia, delegada de la comunidad otom\u00ed Ciudad de M\u00e9xico, acus\u00f3 de \u201csimulaci\u00f3n\u201d la frase de la presidenta Sheinbaum de que, con ella, \u201cllegamos todas y todos\u201d, y afirm\u00f3 que la gobernante no les \u201crepresenta como pueblos originarios\u201d.<\/p>\n\n\n\n<p>(Con informaci\u00f3n de EFE, en L\u00f3pez-D\u00f3riga Digital)<\/p>\n","protected":false},"excerpt":{"rendered":"<p>Redacci\u00f3n\/Zona Roja Cdmx. Ciudad de M\u00e9xico, a 22 de octubre de 2024.- Organizaciones civiles advirtieron&hellip;<\/p>\n","protected":false},"author":2,"featured_media":72680,"comment_status":"closed","ping_status":"open","sticky":false,"template":"","format":"standard","meta":{"_lmt_disableupdate":"","_lmt_disable":"","_jetpack_memberships_contains_paid_content":false,"footnotes":""},"categories":[109,47],"tags":[3686],"class_list":["post-73703","post","type-post","status-publish","format-standard","has-post-thumbnail","hentry","category-minuto-a-minuto","category-zona-gris","tag-crimen-organizado-en-chiapas"],"jetpack_featured_media_url":"https:\/\/zonaroja.com.mx\/wp-content\/uploads\/2024\/09\/Violencia-en-Chiapas.jpg","jetpack_sharing_enabled":true,"_links":{"self":[{"href":"https:\/\/zonaroja.com.mx\/index.php?rest_route=\/wp\/v2\/posts\/73703","targetHints":{"allow":["GET"]}}],"collection":[{"href":"https:\/\/zonaroja.com.mx\/index.php?rest_route=\/wp\/v2\/posts"}],"about":[{"href":"https:\/\/zonaroja.com.mx\/index.php?rest_route=\/wp\/v2\/types\/post"}],"author":[{"embeddable":true,"href":"https:\/\/zonaroja.com.mx\/index.php?rest_route=\/wp\/v2\/users\/2"}],"replies":[{"embeddable":true,"href":"https:\/\/zonaroja.com.mx\/index.php?rest_route=%2Fwp%2Fv2%2Fcomments&post=73703"}],"version-history":[{"count":1,"href":"https:\/\/zonaroja.com.mx\/index.php?rest_route=\/wp\/v2\/posts\/73703\/revisions"}],"predecessor-version":[{"id":73704,"href":"https:\/\/zonaroja.com.mx\/index.php?rest_route=\/wp\/v2\/posts\/73703\/revisions\/73704"}],"wp:featuredmedia":[{"embeddable":true,"href":"https:\/\/zonaroja.com.mx\/index.php?rest_route=\/wp\/v2\/media\/72680"}],"wp:attachment":[{"href":"https:\/\/zonaroja.com.mx\/index.php?rest_route=%2Fwp%2Fv2%2Fmedia&parent=73703"}],"wp:term":[{"taxonomy":"category","embeddable":true,"href":"https:\/\/zonaroja.com.mx\/index.php?rest_route=%2Fwp%2Fv2%2Fcategories&post=73703"},{"taxonomy":"post_tag","embeddable":true,"href":"https:\/\/zonaroja.com.mx\/index.php?rest_route=%2Fwp%2Fv2%2Ftags&post=73703"}],"curies":[{"name":"wp","href":"https:\/\/api.w.org\/{rel}","templated":true}]}}