{"id":73708,"date":"2024-10-22T21:12:16","date_gmt":"2024-10-23T03:12:16","guid":{"rendered":"https:\/\/zonaroja.com.mx\/?p=73708"},"modified":"2024-10-22T21:20:13","modified_gmt":"2024-10-23T03:20:13","slug":"a-tres-anos-violencia-y-desplazamiento-incumple-estado-mexicano-medidas-de-cidh-y-onu","status":"publish","type":"post","link":"https:\/\/zonaroja.com.mx\/?p=73708","title":{"rendered":"A tres a\u00f1os violencia y desplazamiento, incumple Estado mexicano medidas de CIDH y ONU"},"content":{"rendered":"\n<p>Raymundo Morales\/Zona Roja.<\/p>\n\n\n\n<p>Oaxaca de Ju\u00e1rez, Oax., a 22 de octubre de 2024.- Autoridades auxiliares, v\u00edctimas y la asociaci\u00f3n civil Cedhapi denunciaron hoy que, a tres a\u00f1os de hechos de violencia, despojo y desplazamiento en comunidades de San Esteban Atatlahuca, Oaxaca, el Estado mexicano ha incumplido con requerimientos internacionales.<\/p>\n\n\n\n<p>Fueron los d\u00edas 21, 22 y 23 de octubre de 2021 cuando un grupo armado encabezado por autoridades municipales de Atatlahuca, municipio de la regi\u00f3n Mixteca, quemaron m\u00e1s de cien casas en las comunidades de Guerrero Grande y Ndoyonoyuji.\u00a0<\/p>\n\n\n\n<p>El 23 de octubre del 2021, este mismo grupo armado integrado por autoridades de la cabecera municipal de San Esteban Atatlahuca, atac\u00f3 a vecinos de la comunidad de Guerrero Grande, San Esteban Atatlahuca, en el cual fueron desaparecidos los se\u00f1ores Marco Quiroz Ria\u00f1o, Miguel Bautista Avenda\u00f1o y Donato Bautista Avenda\u00f1o y asesinado el se\u00f1or Isidoro Hern\u00e1ndez<\/p>\n\n\n\n<p>\u201cDespu\u00e9s de tres a\u00f1os del desplazamiento forzado interno de personas de la comunidad&nbsp; de Ndoyonoyuji,, as\u00ed como v\u00edctimas de desaparici\u00f3n forzada, familiares de las personas asesinadas y personas que perdieron sus&nbsp; casas por incendio de las comunidades de Guerrero Grande, San Esteban Atatlahuca y Mier y Ter\u00e1n, San Esteban Atatlahuca, el Estado Mexicano sigue sin cumplir las Medidas Cautelares otorgadas por la CIDH y Acci\u00f3n Urgente otorgada por el Comit\u00e9 Contra la Desaparici\u00f3n Forzada de la ONU\u201d, denunciaron.&nbsp;<\/p>\n\n\n\n<p>Expusieron que los ataques y agresiones constantes hacia los habitantes de la comunidad de Guerrero Grande y Ndoyonoyuji, empezaron desde el d\u00eda 1 de octubre del 2021, y el d\u00eda 3 de octubre del 2021, se encontr\u00f3 el cuerpo sin vida del se\u00f1or Jacinto Hern\u00e1ndez Quiroz con disparos de arma de fuego.<\/p>\n\n\n\n<p>El d\u00eda 27 de octubre del a\u00f1o de 2021 la defensora del bosque Irma Galindo Barrios, ind\u00edgena mixteca, originaria y vecina de la comunidad de Totoi, San Esteban Atatlahuca, Tlaxiaco, Oaxaca, de 38 a\u00f1os de edad, desapareci\u00f3 y fue vista por \u00faltima vez en la estaci\u00f3n del metro \u201cBarranca del Muerto\u201d en la Ciudad de M\u00e9xico, quien luch\u00f3 en contra de la explotaci\u00f3n de los bosques de San Esteban Atatlahuca.<\/p>\n\n\n\n<p>Por todo ello, con el apoyo del Centro de Derechos Humanos y Asesor\u00eda a Pueblos Ind\u00edgenas (Cedhapi), se solicitan Medidas Cautelares ante la Comisi\u00f3n Interamericana de Derechos Humanos, que fueron otorgadas el 23 de diciembre del 2021, bajo el n\u00famero MC-1050-21, a familias de las comunidades ind\u00edgenas mixtecas de Guerrero Grande y de Ndoyonoyuji y otros, &nbsp;con la finalidad de proteger los derechos a la vida e integridad f\u00edsica de las familias ind\u00edgenas de las comunidades antes mencionadas.<\/p>\n\n\n\n<p>De igual manera, el d\u00eda 31 de diciembre del 2021, el Comit\u00e9 Contra la Desaparici\u00f3n Forzada de la ONU emiti\u00f3 acci\u00f3n urgente AU n\u00famero 1456\/2021 a 1460\/2021, solicitando al Estado Mexicano la b\u00fasqueda inmediata de los se\u00f1ores Miguel Bautista Avenda\u00f1o, Donato Bautista Avenda\u00f1o, Marco Quiroz Ria\u00f1o, Mayolo Quiroz Barrios y de la se\u00f1ora Irma Galindo Barrios e investigaci\u00f3n de su alegada desaparici\u00f3n forzada, sin que a la fecha se haya localizado a alguno de ellos, por lo que las acciones realizadas por el estado Mexicano han sido insuficientes.<\/p>\n\n\n\n<p>Adem\u00e1s, hasta la fecha no hay ninguna persona detenida por estos hechos de violencia suscitados los d\u00edas 21, 22 y 23 de octubre del 2021.<\/p>\n\n\n\n<p>Por lo anterior, beneficiarios de Medidas Cautelares y el Cedhapi exigen el cumplimiento de la Medida Cautelar MC-1050-21 y la Acci\u00f3n Urgente emitida por el Comit\u00e9 Contra la Desaparici\u00f3n Forzada de la ONU AU n\u00fam. 1456\/2021 a 1460\/2021.<\/p>\n\n\n\n<p>El comunicado lo firman Sebastiana Paz Bautista, representante de las personas desplazadas de Ndoyonoyuji: Aquilino Sandoval Paz, agente municipal&nbsp;de Guerrero Grande; Gregorio Sandoval Hern\u00e1ndez, agente municipal de Mier y Ter\u00e1n, y Maurilio Santiago Reyes, del Cedhapi.<\/p>\n","protected":false},"excerpt":{"rendered":"<p>Raymundo Morales\/Zona Roja. Oaxaca de Ju\u00e1rez, Oax., a 22 de octubre de 2024.- Autoridades auxiliares,&hellip;<\/p>\n","protected":false},"author":2,"featured_media":73709,"comment_status":"closed","ping_status":"open","sticky":false,"template":"","format":"standard","meta":{"_lmt_disableupdate":"","_lmt_disable":"","_jetpack_memberships_contains_paid_content":false,"footnotes":""},"categories":[109,47],"tags":[1025],"class_list":["post-73708","post","type-post","status-publish","format-standard","has-post-thumbnail","hentry","category-minuto-a-minuto","category-zona-gris","tag-san-esteban-atatlahuca"],"jetpack_featured_media_url":"https:\/\/zonaroja.com.mx\/wp-content\/uploads\/2024\/10\/Desplazados-Atatlahuca.jpg","jetpack_sharing_enabled":true,"_links":{"self":[{"href":"https:\/\/zonaroja.com.mx\/index.php?rest_route=\/wp\/v2\/posts\/73708","targetHints":{"allow":["GET"]}}],"collection":[{"href":"https:\/\/zonaroja.com.mx\/index.php?rest_route=\/wp\/v2\/posts"}],"about":[{"href":"https:\/\/zonaroja.com.mx\/index.php?rest_route=\/wp\/v2\/types\/post"}],"author":[{"embeddable":true,"href":"https:\/\/zonaroja.com.mx\/index.php?rest_route=\/wp\/v2\/users\/2"}],"replies":[{"embeddable":true,"href":"https:\/\/zonaroja.com.mx\/index.php?rest_route=%2Fwp%2Fv2%2Fcomments&post=73708"}],"version-history":[{"count":2,"href":"https:\/\/zonaroja.com.mx\/index.php?rest_route=\/wp\/v2\/posts\/73708\/revisions"}],"predecessor-version":[{"id":73711,"href":"https:\/\/zonaroja.com.mx\/index.php?rest_route=\/wp\/v2\/posts\/73708\/revisions\/73711"}],"wp:featuredmedia":[{"embeddable":true,"href":"https:\/\/zonaroja.com.mx\/index.php?rest_route=\/wp\/v2\/media\/73709"}],"wp:attachment":[{"href":"https:\/\/zonaroja.com.mx\/index.php?rest_route=%2Fwp%2Fv2%2Fmedia&parent=73708"}],"wp:term":[{"taxonomy":"category","embeddable":true,"href":"https:\/\/zonaroja.com.mx\/index.php?rest_route=%2Fwp%2Fv2%2Fcategories&post=73708"},{"taxonomy":"post_tag","embeddable":true,"href":"https:\/\/zonaroja.com.mx\/index.php?rest_route=%2Fwp%2Fv2%2Ftags&post=73708"}],"curies":[{"name":"wp","href":"https:\/\/api.w.org\/{rel}","templated":true}]}}