{"id":73718,"date":"2024-10-23T07:27:21","date_gmt":"2024-10-23T13:27:21","guid":{"rendered":"https:\/\/zonaroja.com.mx\/?p=73718"},"modified":"2024-10-23T07:27:23","modified_gmt":"2024-10-23T13:27:23","slug":"asesinan-a-regidor-de-santa-maria-colotepec-oaxaca","status":"publish","type":"post","link":"https:\/\/zonaroja.com.mx\/?p=73718","title":{"rendered":"Asesinan a regidor de Santa Mar\u00eda Colotepec, Oaxaca"},"content":{"rendered":"\n<p>Raymundo Morales\/Zona Roja.<\/p>\n\n\n\n<p>Oaxaca de Ju\u00e1rez, Oax., a 23 de octubre de 2024.- Corporaciones policiacas confirmaron el asesinato del regidor de Obras P\u00fablicas del ayuntamiento de Santa Mar\u00eda Colotepec, Antonio S. J.,<\/p>\n\n\n\n<p>El crimen se perpetro anoche cerca de las 20:00 horas, en la comunidad de La Nopalera Colotepec, donde fue atacado a balazos, cuando transitaba a bordo de su unidad de motor.<\/p>\n\n\n\n<p>Vecinos de la zona pidieron el auxilio de los cuerpos policiacos tras escuchar los disparos de arma de fuego; param\u00e9dicos arribaron al sitio y confirmaron que la persona ya no contaba con signos vitales.<\/p>\n\n\n\n<p>Hasta el momento se desconoce qui\u00e9n o qui\u00e9nes lo privaron de la vida con disparos de arma de fuego, as\u00ed como el m\u00f3vil del asesinato.<\/p>\n\n\n\n<p>Personal de la Vicefiscal\u00eda Regional de la Costa, dependiente de la Fiscal\u00eda General del Estado de Oaxaca, iniciaron las indagatorias correspondientes para dar con el paradero de los criminales.<\/p>\n","protected":false},"excerpt":{"rendered":"<p>Raymundo Morales\/Zona Roja. Oaxaca de Ju\u00e1rez, Oax., a 23 de octubre de 2024.- Corporaciones policiacas&hellip;<\/p>\n","protected":false},"author":2,"featured_media":73719,"comment_status":"closed","ping_status":"open","sticky":false,"template":"","format":"standard","meta":{"_lmt_disableupdate":"","_lmt_disable":"","_jetpack_memberships_contains_paid_content":false,"footnotes":""},"categories":[109,51],"tags":[980],"class_list":["post-73718","post","type-post","status-publish","format-standard","has-post-thumbnail","hentry","category-minuto-a-minuto","category-zona-roja","tag-santa-maria-colotepec"],"jetpack_featured_media_url":"https:\/\/zonaroja.com.mx\/wp-content\/uploads\/2024\/10\/Regidor-de-Obras-Santa-Maria-Colotepec.jpg","jetpack_sharing_enabled":true,"_links":{"self":[{"href":"https:\/\/zonaroja.com.mx\/index.php?rest_route=\/wp\/v2\/posts\/73718","targetHints":{"allow":["GET"]}}],"collection":[{"href":"https:\/\/zonaroja.com.mx\/index.php?rest_route=\/wp\/v2\/posts"}],"about":[{"href":"https:\/\/zonaroja.com.mx\/index.php?rest_route=\/wp\/v2\/types\/post"}],"author":[{"embeddable":true,"href":"https:\/\/zonaroja.com.mx\/index.php?rest_route=\/wp\/v2\/users\/2"}],"replies":[{"embeddable":true,"href":"https:\/\/zonaroja.com.mx\/index.php?rest_route=%2Fwp%2Fv2%2Fcomments&post=73718"}],"version-history":[{"count":1,"href":"https:\/\/zonaroja.com.mx\/index.php?rest_route=\/wp\/v2\/posts\/73718\/revisions"}],"predecessor-version":[{"id":73720,"href":"https:\/\/zonaroja.com.mx\/index.php?rest_route=\/wp\/v2\/posts\/73718\/revisions\/73720"}],"wp:featuredmedia":[{"embeddable":true,"href":"https:\/\/zonaroja.com.mx\/index.php?rest_route=\/wp\/v2\/media\/73719"}],"wp:attachment":[{"href":"https:\/\/zonaroja.com.mx\/index.php?rest_route=%2Fwp%2Fv2%2Fmedia&parent=73718"}],"wp:term":[{"taxonomy":"category","embeddable":true,"href":"https:\/\/zonaroja.com.mx\/index.php?rest_route=%2Fwp%2Fv2%2Fcategories&post=73718"},{"taxonomy":"post_tag","embeddable":true,"href":"https:\/\/zonaroja.com.mx\/index.php?rest_route=%2Fwp%2Fv2%2Ftags&post=73718"}],"curies":[{"name":"wp","href":"https:\/\/api.w.org\/{rel}","templated":true}]}}