{"id":73721,"date":"2024-10-23T09:32:00","date_gmt":"2024-10-23T15:32:00","guid":{"rendered":"https:\/\/zonaroja.com.mx\/?p=73721"},"modified":"2024-10-23T07:41:36","modified_gmt":"2024-10-23T13:41:36","slug":"confirman-que-abogado-toro-ferrer-presento-documentos-falsos-en-juicio","status":"publish","type":"post","link":"https:\/\/zonaroja.com.mx\/?p=73721","title":{"rendered":"Confirman que abogado Toro Ferrer present\u00f3 documentos falsos en juicio"},"content":{"rendered":"\n<p>Redacci\u00f3n\/Zona Roja.&nbsp;<\/p>\n\n\n\n<p>Oaxaca de Ju\u00e1rez, Oax., a 23 de octubre de 2024.- El Juez Cuarto de Distrito en el Estado de Oaxaca, del Poder Judicial de la Federaci\u00f3n, V\u00edctor Manuel Jaimes Morelos, emiti\u00f3 la sentencia que resuelve el juicio de amparo promovido por Enrique Gerardo Toro Ferrer en contra del Gobernador del Estado, y con el cual buscaba detener la construcci\u00f3n del parque \u201cPrimavera Oaxaque\u00f1a\u201d.<\/p>\n\n\n\n<p>De acuerdo con la resoluci\u00f3n del expediente PRAL. 831\/2023 se declar\u00f3 fundado el incidente de objeci\u00f3n de documentos planteado por el consejero Jur\u00eddico del Gobierno del Estado, Geovany V\u00e1squez Sagrero, en representaci\u00f3n del mandatario Salom\u00f3n Jara Cruz.<\/p>\n\n\n\n<p>Las pruebas de inspecci\u00f3n judicial, testimonial y documentales aportadas por la representaci\u00f3n jur\u00eddica del gobernador acreditaron que era ap\u00f3crifo el supuesto testimonio notarial que conten\u00eda un poder general para pleitos y cobranzas otorgado a Toro Ferrer por Mar\u00eda Elena Medina L\u00f3pez (fallecida), ya que se demostr\u00f3 que en el protocolo del Notario P\u00fablico No. 100 en el Estado, nunca se celebr\u00f3 dicho acto jur\u00eddico.<\/p>\n\n\n\n<p>Por ello, la sentencia resolvi\u00f3 sobreseer el juicio de amparo promovido por Toro Ferrer, es decir, no se atendi\u00f3 la pretensi\u00f3n de su demanda, porque le falt\u00f3 acreditar un requisito procesal indispensable para comparecer al juicio, que en este caso fue la personalidad. Por ello, el juez consider\u00f3 evitar estudiar el fondo del asunto, pues el quejoso carec\u00eda de inter\u00e9s legal para demandar.<\/p>\n\n\n\n<p>INDEMNIZACI\u00d3N MILLONARIA<\/p>\n\n\n\n<p>\u201cEnrique Toro Ferrer, carece de todo valor probatorio jur\u00eddico, pues como se advierte del considerado que antecede, en este juicio se acredit\u00f3 plenamente que en el original de ese protocolo, no obra la firma aut\u00f3grafa en el espacio designado para ello de la otorgante, Mar\u00eda Elena Medina L\u00f3pez\u201d es el extracto de la sentencia que define la calidad de ap\u00f3crifo del documento aportado por el quejoso.<\/p>\n\n\n\n<p>Cabe mencionar que, con este amparo presentado como presunto apoderado legal de la se\u00f1ora Mar\u00eda Elena Medina L\u00f3pez, Toro Ferrer quer\u00eda frenar la construcci\u00f3n del \u201cCentro Cultural, Deportivo y de Manejo Ambiental de la Zona Poniente de Oaxaca de Ju\u00e1rez\u201d, que beneficiar\u00e1 a m\u00e1s de 400 mil personas en t\u00e9rminos de lo fundado en el Decreto Expropiatorio del 17 de julio de 2023.<\/p>\n\n\n\n<p>Adem\u00e1s, en caso de un fallo a su favor, Enrique Toro buscaba hacerse de manera ilegal de m\u00e1s de 49 millones de pesos por concepto de indemnizaci\u00f3n.<\/p>\n","protected":false},"excerpt":{"rendered":"<p>Redacci\u00f3n\/Zona Roja.&nbsp; Oaxaca de Ju\u00e1rez, Oax., a 23 de octubre de 2024.- El Juez Cuarto&hellip;<\/p>\n","protected":false},"author":2,"featured_media":73722,"comment_status":"closed","ping_status":"open","sticky":false,"template":"","format":"standard","meta":{"_lmt_disableupdate":"","_lmt_disable":"","_jetpack_memberships_contains_paid_content":false,"footnotes":""},"categories":[109,47],"tags":[2665],"class_list":["post-73721","post","type-post","status-publish","format-standard","has-post-thumbnail","hentry","category-minuto-a-minuto","category-zona-gris","tag-enrique-toro-ferrer"],"jetpack_featured_media_url":"https:\/\/zonaroja.com.mx\/wp-content\/uploads\/2024\/10\/caso-Consejeria-Enrique-Toro-Ferrer.jpg","jetpack_sharing_enabled":true,"_links":{"self":[{"href":"https:\/\/zonaroja.com.mx\/index.php?rest_route=\/wp\/v2\/posts\/73721","targetHints":{"allow":["GET"]}}],"collection":[{"href":"https:\/\/zonaroja.com.mx\/index.php?rest_route=\/wp\/v2\/posts"}],"about":[{"href":"https:\/\/zonaroja.com.mx\/index.php?rest_route=\/wp\/v2\/types\/post"}],"author":[{"embeddable":true,"href":"https:\/\/zonaroja.com.mx\/index.php?rest_route=\/wp\/v2\/users\/2"}],"replies":[{"embeddable":true,"href":"https:\/\/zonaroja.com.mx\/index.php?rest_route=%2Fwp%2Fv2%2Fcomments&post=73721"}],"version-history":[{"count":1,"href":"https:\/\/zonaroja.com.mx\/index.php?rest_route=\/wp\/v2\/posts\/73721\/revisions"}],"predecessor-version":[{"id":73723,"href":"https:\/\/zonaroja.com.mx\/index.php?rest_route=\/wp\/v2\/posts\/73721\/revisions\/73723"}],"wp:featuredmedia":[{"embeddable":true,"href":"https:\/\/zonaroja.com.mx\/index.php?rest_route=\/wp\/v2\/media\/73722"}],"wp:attachment":[{"href":"https:\/\/zonaroja.com.mx\/index.php?rest_route=%2Fwp%2Fv2%2Fmedia&parent=73721"}],"wp:term":[{"taxonomy":"category","embeddable":true,"href":"https:\/\/zonaroja.com.mx\/index.php?rest_route=%2Fwp%2Fv2%2Fcategories&post=73721"},{"taxonomy":"post_tag","embeddable":true,"href":"https:\/\/zonaroja.com.mx\/index.php?rest_route=%2Fwp%2Fv2%2Ftags&post=73721"}],"curies":[{"name":"wp","href":"https:\/\/api.w.org\/{rel}","templated":true}]}}