{"id":73728,"date":"2024-10-23T11:30:00","date_gmt":"2024-10-23T17:30:00","guid":{"rendered":"https:\/\/zonaroja.com.mx\/?p=73728"},"modified":"2024-10-23T07:56:58","modified_gmt":"2024-10-23T13:56:58","slug":"feria-internacional-del-libro-de-guadalajara-reconoce-a-caricaturista-oaxaqueno","status":"publish","type":"post","link":"https:\/\/zonaroja.com.mx\/?p=73728","title":{"rendered":"Feria Internacional del Libro de Guadalajara reconoce a caricaturista oaxaque\u00f1o"},"content":{"rendered":"\n<p>Redacci\u00f3n\/Zona Roja Cdmx.<\/p>\n\n\n\n<p>Ciudad de M\u00e9xico, a 23 de octubre de 2024.- El caricaturista oaxaque\u00f1o Dar\u00edo Castillejos recibir\u00e1 el premio \u201cLa Catrina\u201d en el marco de la Feria Internacional del Libro de Guadalajara.<\/p>\n\n\n\n<p>Desde su primera emisi\u00f3n en 2002, el Encuentro Internacional de Caricatura e Historieta ha distinguido a personajes importantes del mundo de la caricatura y la historieta.&nbsp;<\/p>\n\n\n\n<p>\u201cLa Catrina\u201d, escultura de bronce que reproduce un dibujo de Sergio Aragon\u00e9s (libre versi\u00f3n de la c\u00e9lebre Catrina creada originalmente por Jos\u00e9 Guadalupe Posada), es el reconocimiento que se le otorga al homenajeado.<\/p>\n\n\n\n<p>Castillejos naci\u00f3 en la ciudad de Oaxaca el 1 de octubre de 1974. Actualmente es presidente de Cartonclub S.A. de C.V; El Club De la caricatura Latina, colaborador del peri\u00f3dico&nbsp;\u201cEl Imparcial\u201d de Oaxaca, la revista&nbsp;\u201cForeign Affairs\u201d Latinoam\u00e9rica&nbsp;y El semanario&nbsp;\u201cEl Chamuco\u201d.<\/p>\n\n\n\n<p>Su trabajo ha sido publicado en diarios como&nbsp;\u201cLe Monde\u201d, \u201cLa Temps\u201d, \u201cThe Nation\u201d&nbsp;y&nbsp;\u201cThe New York Times\u201d&nbsp;as\u00ed como en las siguientes agencias: Cagle cartoons, Carton Club, Courrier International, Cartoon Movement y Cartooning for Peace.<\/p>\n\n\n\n<p>Obtuvo el Premio Estatal de Periodismo e Informaci\u00f3n Benito Ju\u00e1rez Garc\u00eda en Oaxaca en sus ediciones de 1997, 1999 y 2005, el Premio Nacional de Comunicaci\u00f3n Jos\u00e9 Pag\u00e9s Llergo en el 2005.&nbsp;<\/p>\n\n\n\n<p>En el a\u00f1o 2012 y 2014 y 2015 y en 2018 (menci\u00f3n honor\u00edfica) obtiene el Premio Nacional de Periodismo otorgado por el Consejo Ciudadano en M\u00e9xico, as\u00ed como el premio Nacional Rostros de la Discriminaci\u00f3n Gilberto Rinc\u00f3n Gallardo. Recibe el Premio Nacional de Periodismo otorgado por el Club de Periodistas de M\u00e9xico en 2013.&nbsp;<\/p>\n\n\n\n<p>En el a\u00f1o 2011 recibe el Grand Prix y el Primer Premio en la categor\u00eda de humor en la edici\u00f3n 38\u00aa del Sal\u00f3n Internacional del humor en Piracicaba, Brasil, as\u00ed como el Primer Premio en el 5\u00ba Sal\u00f3n del Humor en Patio, Brazil (Ecocartoon) en 2012 y el primer lugar en el tercer Concurso Internacional del Humor Sinaloa 2014 en M\u00e9xico.&nbsp;<\/p>\n\n\n\n<p>Ha recibido tambi\u00e9n Menciones Honor\u00edficas en el Primer concurso de Caricatura Greekartoon 2006 (Ministerio Hel\u00e9nico de Cultura, Atenas, Grecia), en el World Press Cartoon 2007 Sintra (Portugal) y en el 4\u00ba Sal\u00f3n Internacional Patio Brasil. En 2009 form\u00f3 parte del proyecto Cartooning for Reconciliation, organizado por el Parent\u2019s Circle Forum en apoyo a la reconciliaci\u00f3n Israel\u00ed-Palestina.&nbsp;<\/p>\n\n\n\n<p>En el 2012 ilustra el libro&nbsp;\u201cEl bestiario pol\u00edtico del Almohadazo\u201d&nbsp;junto a Fernanda Tapia en Editorial Planeta, en 2016 publica&nbsp;\u201cImpresiones de un mundo desdibujado\u201d&nbsp;en Editorial Almad\u00eda y en 2019 ilustra el libro&nbsp;\u201cEl regreso de la Doctora Ilustraci\u00f3n\u201d&nbsp;de Carlos Monsivais publicado por Editorial Malpaso, en 2020 ilustra el libro&nbsp;\u201cProfesores, tiranos y otros pinches chamacos\u201d&nbsp;de Francisco Hinojosa publicado por Editorial Almad\u00eda y en 2022 el libro&nbsp;\u201cOraci\u00f3n del 9 de febrero\u201d&nbsp;de Alfonso Reyes Editado por la Universidad Aut\u00f3noma de Nuevo Le\u00f3n.&nbsp;<\/p>\n\n\n\n<p>Su trabajo ha sido expuesto en diversos foros nacionales e internacionales. En junio de 2019 recibe el Award of Excellence en el 19th International Editorial Cartoon Competition en Canad\u00e1 otorgado por The Canadian Committee for World Press Freedom y en agosto del mismo a\u00f1o el Premio a la Excelencia en Periodismo otorgado por la Sociedad Interamericana de Prensa (SIP).&nbsp;<\/p>\n\n\n\n<p>En diciembre del a\u00f1o en curso recibe Menci\u00f3n Honor\u00edfica en el Premio Nacional de Periodismo 2018 otorgado por el Consejo Ciudadano del PNP.&nbsp;<\/p>\n\n\n\n<p>En septiembre de 2020 obtiene el Segundo Premio en la categor\u00eda de Caricatura en el World Press Cartoon, en Caldas da Reinha, Portugal.&nbsp;<\/p>\n\n\n\n<p>En noviembre de 2020 recibe el Primer Lugar (Golden Prize) en el Concurso HumoDeva en Rumania. Primer lugar en la categor\u00eda de Caricatura en el World Press Cartoon 2021 en Caldas da Rainha, Portugal. En los a\u00f1os 2020 y 2021 es considerado por la revista Forbes entre los 100 mexicanos m\u00e1s creativos en el mundo.<\/p>\n\n\n\n<p>Ha incursionado en la gr\u00e1fica y la pl\u00e1stica trabajando en proyectos junto a Eduardo del Rio (Rius) y Francisco Toledo como es el caso de la publicaci\u00f3n del libro&nbsp;Aguas con el agua&nbsp;en 2014 editado por la Comisi\u00f3n Nacional del Agua. De su producci\u00f3n gr\u00e1fica y pl\u00e1stica han surgido diversas exposiciones y talleres tales como la exhibici\u00f3n&nbsp;El circo del poder&nbsp;en el Centro Cultural Tlatelolco en 2016.<\/p>\n","protected":false},"excerpt":{"rendered":"<p>Redacci\u00f3n\/Zona Roja Cdmx. Ciudad de M\u00e9xico, a 23 de octubre de 2024.- El caricaturista oaxaque\u00f1o&hellip;<\/p>\n","protected":false},"author":2,"featured_media":73729,"comment_status":"closed","ping_status":"open","sticky":false,"template":"","format":"standard","meta":{"_lmt_disableupdate":"","_lmt_disable":"","_jetpack_memberships_contains_paid_content":false,"footnotes":""},"categories":[109,46],"tags":[2185],"class_list":["post-73728","post","type-post","status-publish","format-standard","has-post-thumbnail","hentry","category-minuto-a-minuto","category-zona-blanca","tag-caricaturista-dario-castillejos"],"jetpack_featured_media_url":"https:\/\/zonaroja.com.mx\/wp-content\/uploads\/2024\/10\/Dario-Castillejos.jpg","jetpack_sharing_enabled":true,"_links":{"self":[{"href":"https:\/\/zonaroja.com.mx\/index.php?rest_route=\/wp\/v2\/posts\/73728","targetHints":{"allow":["GET"]}}],"collection":[{"href":"https:\/\/zonaroja.com.mx\/index.php?rest_route=\/wp\/v2\/posts"}],"about":[{"href":"https:\/\/zonaroja.com.mx\/index.php?rest_route=\/wp\/v2\/types\/post"}],"author":[{"embeddable":true,"href":"https:\/\/zonaroja.com.mx\/index.php?rest_route=\/wp\/v2\/users\/2"}],"replies":[{"embeddable":true,"href":"https:\/\/zonaroja.com.mx\/index.php?rest_route=%2Fwp%2Fv2%2Fcomments&post=73728"}],"version-history":[{"count":1,"href":"https:\/\/zonaroja.com.mx\/index.php?rest_route=\/wp\/v2\/posts\/73728\/revisions"}],"predecessor-version":[{"id":73730,"href":"https:\/\/zonaroja.com.mx\/index.php?rest_route=\/wp\/v2\/posts\/73728\/revisions\/73730"}],"wp:featuredmedia":[{"embeddable":true,"href":"https:\/\/zonaroja.com.mx\/index.php?rest_route=\/wp\/v2\/media\/73729"}],"wp:attachment":[{"href":"https:\/\/zonaroja.com.mx\/index.php?rest_route=%2Fwp%2Fv2%2Fmedia&parent=73728"}],"wp:term":[{"taxonomy":"category","embeddable":true,"href":"https:\/\/zonaroja.com.mx\/index.php?rest_route=%2Fwp%2Fv2%2Fcategories&post=73728"},{"taxonomy":"post_tag","embeddable":true,"href":"https:\/\/zonaroja.com.mx\/index.php?rest_route=%2Fwp%2Fv2%2Ftags&post=73728"}],"curies":[{"name":"wp","href":"https:\/\/api.w.org\/{rel}","templated":true}]}}