{"id":73744,"date":"2024-10-23T15:39:00","date_gmt":"2024-10-23T21:39:00","guid":{"rendered":"https:\/\/zonaroja.com.mx\/?p=73744"},"modified":"2024-10-23T17:44:46","modified_gmt":"2024-10-23T23:44:46","slug":"preocupa-a-iglesia-catolica-reforma-judicial-y-polarizacion-que-genera","status":"publish","type":"post","link":"https:\/\/zonaroja.com.mx\/?p=73744","title":{"rendered":"Preocupa a Iglesia Cat\u00f3lica reforma judicial y polarizaci\u00f3n que genera"},"content":{"rendered":"\n<p>Redacci\u00f3n\/Zona Roja Cdmx.<\/p>\n\n\n\n<p>Ciudad de M\u00e9xico, a 23 de octubre de 2024.- La Conferencia del Episcopado Mexicano (CEM) expres\u00f3 su \u201cprofunda preocupaci\u00f3n ante la gravedad de los recientes hechos que acent\u00faan una polarizaci\u00f3n sin precedentes\u201d derivado de la reforma al Poder Judicial.<\/p>\n\n\n\n<p>En un comunicado en redes sociales, la CEM apunt\u00f3 que los recientes hechos \u201cacent\u00faan una polarizaci\u00f3n sin precedentes en torno al marco legal y a ala armon\u00eda entre los distintos poderes del pa\u00eds\u201d.<\/p>\n\n\n\n<p>Los obispos de M\u00e9xico apuntaron que la reforma constitucional al Poder Judicial \u201cdebe ser m\u00e1s ampliamente discutida y analizada por parte del Poder legislativo, siguiendo el principio de subsidiariedad, pilar fundamental de la doctrina de la Iglesia cat\u00f3lica, que reconoce y promueve la participaci\u00f3n de de todos los actores sociales en las decisiones que afectan a la comunidad\u201d.<\/p>\n\n\n\n<p>Alert\u00f3 que \u201cla falta de di\u00e1logo y acuerdo entre los diversos poderes del Estado respecto a las disposiciones judiciales puede generar consecuencias graves para la convivencia social y el orden institucional, comprometiendo la confianza en nuestro pa\u00eds y amenazando la estabilidad del Estado de Derecho\u201d.<\/p>\n\n\n\n<p>La CEM hizo un exhorto a todos los actores pol\u00edticos y sociales, inspirados en los principios de la doctrina social de la Iglesia, a recuperar el di\u00e1logo constructivo.<\/p>\n\n\n\n<p>La reforma al Poder Judicial fue publicada el 15 de septiembre en el Diario Oficial de la Federaci\u00f3n (DOF) por en entonces mandatario Andr\u00e9s Manuel L\u00f3pez obrador.<\/p>\n\n\n\n<p>Dicha reforma tiene como principal premisa la elecci\u00f3n por voto popular de jueces, magistrados y ministros de la Suprema corte de justicia de la Naci\u00f3n (SCJN).<\/p>\n\n\n\n<p>La presidenta Claudia Sheinbaum ha dejado en claro desde el inicio de su mandato que la reforma judicial seguir\u00e1 su curso y que en 2025 el pueblo de M\u00e9xico elegir\u00e1 a la mitad de sus juzgadores, entre ellos a todos los ministros de la Corte.<\/p>\n\n\n\n<p>(Con informaci\u00f3n de L\u00f3pez-D\u00f3riga Digital)<\/p>\n","protected":false},"excerpt":{"rendered":"<p>Redacci\u00f3n\/Zona Roja Cdmx. Ciudad de M\u00e9xico, a 23 de octubre de 2024.- La Conferencia del&hellip;<\/p>\n","protected":false},"author":2,"featured_media":73746,"comment_status":"closed","ping_status":"open","sticky":false,"template":"","format":"standard","meta":{"_lmt_disableupdate":"","_lmt_disable":"","_jetpack_memberships_contains_paid_content":false,"footnotes":""},"categories":[109,47],"tags":[4027],"class_list":["post-73744","post","type-post","status-publish","format-standard","has-post-thumbnail","hentry","category-minuto-a-minuto","category-zona-gris","tag-reforma-al-poder-judicial"],"jetpack_featured_media_url":"https:\/\/zonaroja.com.mx\/wp-content\/uploads\/2024\/10\/Episcopado-mexicano-reforma-judicial.jpg","jetpack_sharing_enabled":true,"_links":{"self":[{"href":"https:\/\/zonaroja.com.mx\/index.php?rest_route=\/wp\/v2\/posts\/73744","targetHints":{"allow":["GET"]}}],"collection":[{"href":"https:\/\/zonaroja.com.mx\/index.php?rest_route=\/wp\/v2\/posts"}],"about":[{"href":"https:\/\/zonaroja.com.mx\/index.php?rest_route=\/wp\/v2\/types\/post"}],"author":[{"embeddable":true,"href":"https:\/\/zonaroja.com.mx\/index.php?rest_route=\/wp\/v2\/users\/2"}],"replies":[{"embeddable":true,"href":"https:\/\/zonaroja.com.mx\/index.php?rest_route=%2Fwp%2Fv2%2Fcomments&post=73744"}],"version-history":[{"count":1,"href":"https:\/\/zonaroja.com.mx\/index.php?rest_route=\/wp\/v2\/posts\/73744\/revisions"}],"predecessor-version":[{"id":73745,"href":"https:\/\/zonaroja.com.mx\/index.php?rest_route=\/wp\/v2\/posts\/73744\/revisions\/73745"}],"wp:featuredmedia":[{"embeddable":true,"href":"https:\/\/zonaroja.com.mx\/index.php?rest_route=\/wp\/v2\/media\/73746"}],"wp:attachment":[{"href":"https:\/\/zonaroja.com.mx\/index.php?rest_route=%2Fwp%2Fv2%2Fmedia&parent=73744"}],"wp:term":[{"taxonomy":"category","embeddable":true,"href":"https:\/\/zonaroja.com.mx\/index.php?rest_route=%2Fwp%2Fv2%2Fcategories&post=73744"},{"taxonomy":"post_tag","embeddable":true,"href":"https:\/\/zonaroja.com.mx\/index.php?rest_route=%2Fwp%2Fv2%2Ftags&post=73744"}],"curies":[{"name":"wp","href":"https:\/\/api.w.org\/{rel}","templated":true}]}}