{"id":73747,"date":"2024-10-23T19:58:15","date_gmt":"2024-10-24T01:58:15","guid":{"rendered":"https:\/\/zonaroja.com.mx\/?p=73747"},"modified":"2024-10-23T19:58:17","modified_gmt":"2024-10-24T01:58:17","slug":"denuncian-desinteres-del-poder-judicial-de-oaxaca-ante-casos-de-violencia-de-genero","status":"publish","type":"post","link":"https:\/\/zonaroja.com.mx\/?p=73747","title":{"rendered":"Denuncian desinter\u00e9s del Poder Judicial de Oaxaca ante casos de violencia de g\u00e9nero"},"content":{"rendered":"\n<p>Raymundo Morales\/Zona Roja.<\/p>\n\n\n\n<p>Oaxaca de Ju\u00e1rez, Oax., a 23 de octubre de 2024.- Con el respaldo de la Secci\u00f3n 22 del SNTE, organizaciones sociales protestaron hoy en la sede del Consejo de la Judicatura de Oaxaca, para denunciar el desinter\u00e9s del Poder Judicial del Estado ante la violencia contra la mujer y los casos de feminicidio.<\/p>\n\n\n\n<p>\u201cLa magistrada (Berenice Ram\u00edrez Jim\u00e9nez) no nos brinda la atenci\u00f3n y solamente atiende a abogados y a personas influyentes; venimos a pedir la oportunidad de ser escuchados. Como Cedem, he venido a alzar la voz por todas mis compa\u00f1eras asesinadas\u201d, dijo la representante del Centro de Defensa de los Derechos de la Mujer (Cedem).<\/p>\n\n\n\n<p>\u201cEstamos cansados que la magistrada y el Tribunal (Superior de Justicia) nos haga esperar y nos den largas sin darnos respuestas. La magistrada Berenice ha dicho en sus comunicados que hay prioridad para las mujeres pero d\u00f3nde est\u00e1 la justicia, d\u00f3nde est\u00e1 la prioridad\u201d, remarc\u00f3 la joven.<\/p>\n\n\n\n<p>Mencion\u00f3 nombres de Maribel \u201cN\u201d y Yesenia \u201cN\u201d, que fueron asesinadas pero cuyos casos permanecen en el olvido; \u201cestamos hartos de ser ignoradas por este Tribunal y exigimos justicia\u201d, insisti\u00f3.<\/p>\n\n\n\n<p>Durante una protesta en las instalaciones ubicadas en la calle Heroico Colegio Militar de la colonia Reforma, participaron organizaciones afiliadas a la Alianza de Pueblos por la Justicia Social.<\/p>\n\n\n\n<p>Una de sus integrantes ley\u00f3 un comunicado, en que detall\u00f3 que la dirigencia del gremio fue citada el 16 de octubre por personal del Tribunal, pero despu\u00e9s de esperar por dos horas, les avisaron que no podr\u00edan atenderlas.<\/p>\n\n\n\n<p>\u201cLo cual consideramos una ofensa y una burla para los pueblos y comunidades ind\u00edgenas que representamos, por lo que rechazamos la cerraz\u00f3n de la funcionaria en menci\u00f3n de menospreciar el esfuerzo organizativo.<\/p>\n\n\n\n<p>\u201cLe hacemos saber a la magistrada Berenice Ram\u00edrez Jim\u00e9nez, que esta Alianza es el resultado de la unidad de diversos organizaciones que hist\u00f3ricamente hemos luchado en contra del sistema opresor que por muchos gobern\u00f3 nuestro pa\u00eds y nuestro estado\u201d, destac\u00f3.<\/p>\n\n\n\n<p>A\u00f1adi\u00f3 que han respaldado a Andr\u00e9s Manuel L\u00f3pez Obrador en todas sus luchas y ahora al gobierno de Claudia Sheinbaum, quienes \u201ca diferencia de la magistrada Berenice Ram\u00edrez Jim\u00e9nez, han demostrado su apoyo con los pueblos originarios siendo prioridad en su administraci\u00f3n.<\/p>\n\n\n\n<p>\u201cEs evidente que el poder judicial se encuentra en una crisis institucional grave, no basta con pintar de color violeta, las instalaciones de los juzgados eso es<\/p>\n\n\n\n<p>propaganda, en todos los centros donde se administra justicia, existe falta de insumos b\u00e1sicos, as\u00ed como instalaciones dignas para los justiciables, los asuntos se encuentran retrasados y las audiencias tardan meses incluso a\u00f1os en celebrarse\u201d, a\u00f1adi\u00f3.<\/p>\n\n\n\n<p>Los inconformes, en su mayor\u00eda mujeres de diversas organizaciones sociales, entre ellas el Codep, permanecieron por varias horas en las instalaciones del Consejo de la Judicatura; el Poder Judicial no ha informado si dio atenci\u00f3n a las inconformes.<\/p>\n\n\n\n<figure class=\"wp-block-embed is-type-rich is-provider-twitter wp-block-embed-twitter\"><div class=\"wp-block-embed__wrapper\">\n<div class=\"twitter-tweet\"><blockquote class=\"twitter-tweet\" data-lang=\"es\"><p lang=\"es\" dir=\"ltr\"><a href=\"https:\/\/twitter.com\/hashtag\/ENVIVO?src=hash&amp;ref_src=twsrc%5Etfw\">#ENVIVO<\/a><br>Oaxaca, Oax., a 23 de octubre de 2024.- Organizacionesrealizan esta ma\u00f1ana un \u201cplant\u00f3n\u201d en el Consejo de la Judicatura del <a href=\"https:\/\/twitter.com\/tsjoaxaca?ref_src=twsrc%5Etfw\">@tsjoaxaca<\/a>, en la colonia Reforma de la capital.<br>Exigen ser atendidos por <a href=\"https:\/\/twitter.com\/MagistradaBRJ?ref_src=twsrc%5Etfw\">@MagistradaBRJ<\/a> para temas de femincidio.<br>\ud83d\udc47<a href=\"https:\/\/t.co\/xbERIs4wsm\">https:\/\/t.co\/xbERIs4wsm<\/a>?<\/p>&mdash; Zona Roja Oaxaca (@ZonaRoja_Oaxaca) <a href=\"https:\/\/twitter.com\/ZonaRoja_Oaxaca\/status\/1849140569769177290?ref_src=twsrc%5Etfw\">23 de octubre de 2024<\/a><\/blockquote><\/div>\n<\/div><\/figure>\n","protected":false},"excerpt":{"rendered":"<p>Raymundo Morales\/Zona Roja. Oaxaca de Ju\u00e1rez, Oax., a 23 de octubre de 2024.- Con el&hellip;<\/p>\n","protected":false},"author":2,"featured_media":73748,"comment_status":"closed","ping_status":"open","sticky":false,"template":"","format":"standard","meta":{"_lmt_disableupdate":"","_lmt_disable":"","_jetpack_memberships_contains_paid_content":false,"footnotes":""},"categories":[109,47],"tags":[],"class_list":["post-73747","post","type-post","status-publish","format-standard","has-post-thumbnail","hentry","category-minuto-a-minuto","category-zona-gris"],"jetpack_featured_media_url":"https:\/\/zonaroja.com.mx\/wp-content\/uploads\/2024\/10\/Protesta-Alianza-de-Pueblos-en-Consejo-de-la-Judicatura-Poder-Judicial.jpg","jetpack_sharing_enabled":true,"_links":{"self":[{"href":"https:\/\/zonaroja.com.mx\/index.php?rest_route=\/wp\/v2\/posts\/73747","targetHints":{"allow":["GET"]}}],"collection":[{"href":"https:\/\/zonaroja.com.mx\/index.php?rest_route=\/wp\/v2\/posts"}],"about":[{"href":"https:\/\/zonaroja.com.mx\/index.php?rest_route=\/wp\/v2\/types\/post"}],"author":[{"embeddable":true,"href":"https:\/\/zonaroja.com.mx\/index.php?rest_route=\/wp\/v2\/users\/2"}],"replies":[{"embeddable":true,"href":"https:\/\/zonaroja.com.mx\/index.php?rest_route=%2Fwp%2Fv2%2Fcomments&post=73747"}],"version-history":[{"count":1,"href":"https:\/\/zonaroja.com.mx\/index.php?rest_route=\/wp\/v2\/posts\/73747\/revisions"}],"predecessor-version":[{"id":73749,"href":"https:\/\/zonaroja.com.mx\/index.php?rest_route=\/wp\/v2\/posts\/73747\/revisions\/73749"}],"wp:featuredmedia":[{"embeddable":true,"href":"https:\/\/zonaroja.com.mx\/index.php?rest_route=\/wp\/v2\/media\/73748"}],"wp:attachment":[{"href":"https:\/\/zonaroja.com.mx\/index.php?rest_route=%2Fwp%2Fv2%2Fmedia&parent=73747"}],"wp:term":[{"taxonomy":"category","embeddable":true,"href":"https:\/\/zonaroja.com.mx\/index.php?rest_route=%2Fwp%2Fv2%2Fcategories&post=73747"},{"taxonomy":"post_tag","embeddable":true,"href":"https:\/\/zonaroja.com.mx\/index.php?rest_route=%2Fwp%2Fv2%2Ftags&post=73747"}],"curies":[{"name":"wp","href":"https:\/\/api.w.org\/{rel}","templated":true}]}}