{"id":7375,"date":"2020-01-06T22:17:14","date_gmt":"2020-01-07T04:17:14","guid":{"rendered":"http:\/\/www.zonaroja.com.mx\/?p=7375"},"modified":"2020-01-06T22:17:18","modified_gmt":"2020-01-07T04:17:18","slug":"amlo-cierra-2019-con-aprobacion-de-72-el-financiero","status":"publish","type":"post","link":"https:\/\/zonaroja.com.mx\/?p=7375","title":{"rendered":"AMLO cierra 2019 con aprobaci\u00f3n de 72%: \u201cEl Financiero\u201d"},"content":{"rendered":"\n<p>Redacci\u00f3n\/Zona\nRoja Cdmx.<\/p>\n\n\n\n<p>Ciudad de M\u00e9xico, 6 de enero de 2020.- El\npresidente Andr\u00e9s Manuel L\u00f3pez Obrador termin\u00f3 el a\u00f1o 2019 con un aumento en su\nnivel de aprobaci\u00f3n ciudadana, el cual se ubic\u00f3 en 72% en diciembre, cuatro\npuntos m\u00e1s que en noviembre, de acuerdo con una encuesta nacional del diario \u201cEl\nFinanciero\u201d.<\/p>\n\n\n\n<p>El repunte del mandatario se da luego de meses\nde una aprobaci\u00f3n baja en comparaci\u00f3n con el inicio del sexenio principalmente\npor los problemas de seguridad p\u00fablica; dicha baja se vio reflejada tambi\u00e9n en\notras encuestas.<\/p>\n\n\n\n<p>El\nestudio de \u201cEl Financiero\u201d registr\u00f3 que el titular del Poder Ejecutivo tuvo\nmejoras en los atributos de imagen de liderazgo, percepci\u00f3n de capacidad para\ndar resultados e imagen de honestidad.<\/p>\n\n\n\n<p>En\nel primer rubro, L\u00f3pez Obrador subi\u00f3 seis puntos, de 52 a 58% de opini\u00f3n\nfavorable; en la percepci\u00f3n de capacidad aument\u00f3 siete puntos, de 44 a 51%, y\nen imagen de honestidad, el alza subi\u00f3 dos puntos, de 55 a 57% de noviembre a\ndiciembre.<\/p>\n\n\n\n<p>Sobre\ntemas de gobierno, la ciudadan\u00eda consider\u00f3 que hubo una ligera mejora en el\nmanejo de la econom\u00eda, al pasar de 39 a 43%; en contraste, en seguridad p\u00fablica\npredomin\u00f3 la opini\u00f3n desfavorable, la cual registr\u00f3 una variaci\u00f3n de un punto\nporcentual, de 52 a 51%.<\/p>\n\n\n\n<p>Al\npreguntar a los encuestados c\u00f3mo votar\u00edan en una hipot\u00e9tica consulta de\nrevocaci\u00f3n de mandato, 70% indic\u00f3 que dar\u00eda su apoyo a que L\u00f3pez Obrador\ncontin\u00fae como presidente, el porcentaje m\u00e1s alto hasta ahora registrado en este\nindicador desde junio pasado, mientras que 29% votar\u00eda por que no contin\u00fae.<\/p>\n\n\n\n<p>La\nencuesta fue levantada a nivel nacional, con entrevistas v\u00eda telef\u00f3nica a 800\nmexicanos adultos del 6 al 7 y del 13 al 14 de diciembre de 2019. Se hizo un\nmuestreo probabil\u00edstico de tel\u00e9fonos residenciales y celulares en las 32\nentidades federativas, detall\u00f3 \u201cEl Financiero\u201d. El nivel de confianza del\nestudio es de 95% y el margen de error de las estimaciones es de +\/-3.4%.<\/p>\n\n\n\n<p>(Con\ninformaci\u00f3n de Forbes M\u00e9xico)<\/p>\n","protected":false},"excerpt":{"rendered":"<p>Redacci\u00f3n\/Zona Roja Cdmx. Ciudad de M\u00e9xico, 6 de enero de 2020.- El presidente Andr\u00e9s Manuel&hellip;<\/p>\n","protected":false},"author":2,"featured_media":1867,"comment_status":"closed","ping_status":"open","sticky":false,"template":"","format":"standard","meta":{"_lmt_disableupdate":"","_lmt_disable":"","_jetpack_memberships_contains_paid_content":false,"footnotes":""},"categories":[109,46],"tags":[143],"class_list":["post-7375","post","type-post","status-publish","format-standard","has-post-thumbnail","hentry","category-minuto-a-minuto","category-zona-blanca","tag-andres-manuel-lopez-obrador"],"jetpack_featured_media_url":"https:\/\/zonaroja.com.mx\/wp-content\/uploads\/2019\/06\/IMG_3705.jpg","jetpack_sharing_enabled":true,"_links":{"self":[{"href":"https:\/\/zonaroja.com.mx\/index.php?rest_route=\/wp\/v2\/posts\/7375","targetHints":{"allow":["GET"]}}],"collection":[{"href":"https:\/\/zonaroja.com.mx\/index.php?rest_route=\/wp\/v2\/posts"}],"about":[{"href":"https:\/\/zonaroja.com.mx\/index.php?rest_route=\/wp\/v2\/types\/post"}],"author":[{"embeddable":true,"href":"https:\/\/zonaroja.com.mx\/index.php?rest_route=\/wp\/v2\/users\/2"}],"replies":[{"embeddable":true,"href":"https:\/\/zonaroja.com.mx\/index.php?rest_route=%2Fwp%2Fv2%2Fcomments&post=7375"}],"version-history":[{"count":1,"href":"https:\/\/zonaroja.com.mx\/index.php?rest_route=\/wp\/v2\/posts\/7375\/revisions"}],"predecessor-version":[{"id":7376,"href":"https:\/\/zonaroja.com.mx\/index.php?rest_route=\/wp\/v2\/posts\/7375\/revisions\/7376"}],"wp:featuredmedia":[{"embeddable":true,"href":"https:\/\/zonaroja.com.mx\/index.php?rest_route=\/wp\/v2\/media\/1867"}],"wp:attachment":[{"href":"https:\/\/zonaroja.com.mx\/index.php?rest_route=%2Fwp%2Fv2%2Fmedia&parent=7375"}],"wp:term":[{"taxonomy":"category","embeddable":true,"href":"https:\/\/zonaroja.com.mx\/index.php?rest_route=%2Fwp%2Fv2%2Fcategories&post=7375"},{"taxonomy":"post_tag","embeddable":true,"href":"https:\/\/zonaroja.com.mx\/index.php?rest_route=%2Fwp%2Fv2%2Ftags&post=7375"}],"curies":[{"name":"wp","href":"https:\/\/api.w.org\/{rel}","templated":true}]}}