{"id":73753,"date":"2024-10-24T07:03:03","date_gmt":"2024-10-24T13:03:03","guid":{"rendered":"https:\/\/zonaroja.com.mx\/?p=73753"},"modified":"2024-10-24T07:03:04","modified_gmt":"2024-10-24T13:03:04","slug":"accidentes-viales-en-oaxaca-dejan-seis-personas-muertas-en-dos-dias","status":"publish","type":"post","link":"https:\/\/zonaroja.com.mx\/?p=73753","title":{"rendered":"Accidentes viales en Oaxaca dejan seis personas muertas en dos d\u00edas\u00a0"},"content":{"rendered":"\n<p>Ismael Garc\u00eda M.\/Zona Roja.&nbsp;<\/p>\n\n\n\n<p>Oaxaca de Ju\u00e1rez, Oax., a 24 de octubre de 2024.- Al menos seis personas fallecidas y cinco lesionadas es el saldo falta de los accidentes viales ocurridos entre el martes y el mi\u00e9rcoles en el estado de Oaxaca.<\/p>\n\n\n\n<p>La madrugada de ayer, dos personas del sexo masculino perdieron la vida y tres m\u00e1s resultaron heridas en la supercarretera Salina Cruz-La Ventosa, en la regi\u00f3n del Istmo, al impactarse dos autobuses y una camioneta, a la altura del kil\u00f3metro 23+500.<\/p>\n\n\n\n<p>Las v\u00edctimas fatales fueron identificados como Anastasio Mej\u00eda Luis, de 72 a\u00f1os de edad, y \u00c1ngel Ortiz Rodr\u00edguez, de 42 a\u00f1os, originarios de Tapachula, Chiapas.<\/p>\n\n\n\n<p>El mismo d\u00eda pero en la carretera federal 190 Oaxaca-Istmo, a la altura del crucero de San Mateo Macuilx\u00f3chitl, se registro otro percance entre dos unidades de motor, en que perdi\u00f3 la vida una mujer originaria de Uni\u00f3n Hidalgo, de nombre Lucila R. M., de 48 a\u00f1os de edad.<\/p>\n\n\n\n<p>El martes en el crucero a Santa Mar\u00eda Huatulco, sobre la carretera federal 200 de la Costa, fue arrollado un motociclista, que perdi\u00f3 la vida en el lugar; se trata de un estudiante de la Universidad del Mar, identificado como \u00c9rik Josu\u00e9 N. V., de 25 a\u00f1os de edad.<\/p>\n\n\n\n<p>El mismo d\u00eda pero por la noche una pipa presuntamente atropell\u00f3 a a dos motociclistas en la v\u00eda Oaxaca-M\u00e9xico, en jurisdicci\u00f3n de Santa Rosa Panzacola de la capital.<\/p>\n\n\n\n<p>Una paraje de nombres&nbsp; Brayan R.T. y Karla Casandra A.H. resultaron con graves lesiones; el hombre falleci\u00f3 cuando recib\u00eda atenci\u00f3n hospitalaria.<\/p>\n\n\n\n<p>La madrugada del martes, muri\u00f3 tambi\u00e9n por un percance vehicular en la v\u00eda Oaxaca-Istmo pero a la altura del crucero a Tlacolula de Matamoros; se trata de un motociclista que presuntamente derrap\u00f3 con su unidad de motor.<\/p>\n","protected":false},"excerpt":{"rendered":"<p>Ismael Garc\u00eda M.\/Zona Roja.&nbsp; Oaxaca de Ju\u00e1rez, Oax., a 24 de octubre de 2024.- Al&hellip;<\/p>\n","protected":false},"author":2,"featured_media":73754,"comment_status":"closed","ping_status":"open","sticky":false,"template":"","format":"standard","meta":{"_lmt_disableupdate":"","_lmt_disable":"","_jetpack_memberships_contains_paid_content":false,"footnotes":""},"categories":[109,47],"tags":[3416],"class_list":["post-73753","post","type-post","status-publish","format-standard","has-post-thumbnail","hentry","category-minuto-a-minuto","category-zona-gris","tag-accidentes-carreteros-oaxaca"],"jetpack_featured_media_url":"https:\/\/zonaroja.com.mx\/wp-content\/uploads\/2024\/10\/Muerta-accidente-Macuilxochitl.jpg","jetpack_sharing_enabled":true,"_links":{"self":[{"href":"https:\/\/zonaroja.com.mx\/index.php?rest_route=\/wp\/v2\/posts\/73753","targetHints":{"allow":["GET"]}}],"collection":[{"href":"https:\/\/zonaroja.com.mx\/index.php?rest_route=\/wp\/v2\/posts"}],"about":[{"href":"https:\/\/zonaroja.com.mx\/index.php?rest_route=\/wp\/v2\/types\/post"}],"author":[{"embeddable":true,"href":"https:\/\/zonaroja.com.mx\/index.php?rest_route=\/wp\/v2\/users\/2"}],"replies":[{"embeddable":true,"href":"https:\/\/zonaroja.com.mx\/index.php?rest_route=%2Fwp%2Fv2%2Fcomments&post=73753"}],"version-history":[{"count":1,"href":"https:\/\/zonaroja.com.mx\/index.php?rest_route=\/wp\/v2\/posts\/73753\/revisions"}],"predecessor-version":[{"id":73755,"href":"https:\/\/zonaroja.com.mx\/index.php?rest_route=\/wp\/v2\/posts\/73753\/revisions\/73755"}],"wp:featuredmedia":[{"embeddable":true,"href":"https:\/\/zonaroja.com.mx\/index.php?rest_route=\/wp\/v2\/media\/73754"}],"wp:attachment":[{"href":"https:\/\/zonaroja.com.mx\/index.php?rest_route=%2Fwp%2Fv2%2Fmedia&parent=73753"}],"wp:term":[{"taxonomy":"category","embeddable":true,"href":"https:\/\/zonaroja.com.mx\/index.php?rest_route=%2Fwp%2Fv2%2Fcategories&post=73753"},{"taxonomy":"post_tag","embeddable":true,"href":"https:\/\/zonaroja.com.mx\/index.php?rest_route=%2Fwp%2Fv2%2Ftags&post=73753"}],"curies":[{"name":"wp","href":"https:\/\/api.w.org\/{rel}","templated":true}]}}