{"id":73756,"date":"2024-10-24T08:25:00","date_gmt":"2024-10-24T14:25:00","guid":{"rendered":"https:\/\/zonaroja.com.mx\/?p=73756"},"modified":"2024-10-24T07:26:15","modified_gmt":"2024-10-24T13:26:15","slug":"que-siempre-si-reanudaran-labores-hoy-en-poder-judicial-federal","status":"publish","type":"post","link":"https:\/\/zonaroja.com.mx\/?p=73756","title":{"rendered":"Que siempre s\u00ed: reanudar\u00e1n labores hoy en Poder Judicial federal"},"content":{"rendered":"\n<p>Redacci\u00f3n\/Zona Roja Cdmx.<\/p>\n\n\n\n<p>Ciudad de M\u00e9xico, a 24 de octubre de 2024.- El Consejo de la Judicatura Federal (CJF) orden\u00f3 la finalizaci\u00f3n del paro de labores de trabajadores del Poder Judicial de la Federaci\u00f3n y la reanudaci\u00f3n de las actividades en todos los Tribunales y Juzgados del pa\u00eds a partir de este jueves 24 de octubre.<\/p>\n\n\n\n<p>Es as\u00ed que el CJF orden\u00f3 que se deber\u00e1 garantizar el \u00f3ptimo funcionamiento de impartici\u00f3n de la justicia a la poblaci\u00f3n, por lo que las \u00e1reas administrativas deber\u00e1n aplicar la normativa vigente al personal que no asista a laborar a partir del d\u00eda de ma\u00f1ana.<\/p>\n\n\n\n<p>Dicha decisi\u00f3n se estableci\u00f3 en sesi\u00f3n ordinaria celebrada este mi\u00e9rcoles, en la que el Pleno del Consejo de la Judicatura Federal determin\u00f3, por cuatro votos a favor y tres en contra, que los titulares est\u00e1n obligados a dar cumplimiento a las disposiciones en materia administrativa.<\/p>\n\n\n\n<p>Los consejeros que permitieron el acuerdo fueron Bernardo B\u00e1tiz V\u00e1zquez, Eva Ver\u00f3nica de Gyv\u00e9s Z\u00e1rate, Celia Maya Garc\u00eda y Segio Javier Molina Mart\u00ednez.<\/p>\n\n\n\n<p>Mientras que los consejeros que votaron en contra de la resoluci\u00f3n fueron: la Ministra Presidenta Norma Luc\u00eda Pi\u00f1a Hern\u00e1ndez, la consejera Lilia M\u00f3nica L\u00f3pez Ben\u00edtez y el consejero Jos\u00e9 Alfonso Montalvo Mart\u00ednez.<\/p>\n\n\n\n<p>Asimismo, el Consejo de la Judicatura Federal instruy\u00f3 al coordinador de Seguridad para que apoye a los magistrados y jueces que soliciten el acceso a los tribunales y juzgados del Poder Judicial de la Federaci\u00f3n.<\/p>\n\n\n\n<p>Cabe recordar que el pasado 18 de octubre la Asociaci\u00f3n Nacional de Magistrados de Circuito y Jueces de Distrito del Poder Judicial de la Federaci\u00f3n (Judef) inform\u00f3 que el paro de labores de los trabajadores de dicha instituci\u00f3n se mantendr\u00eda con la atenci\u00f3n exclusiva de casos urgentes.<\/p>\n\n\n\n<p>La resoluci\u00f3n fue el resultado de una consulta realizada a todas las personas juzgadoras, quienes con un total de 809 votos decidieron continuar con la suspensi\u00f3n parcial de labores a manera de protesta por su descontento con la reforma al Poder Judicial.<\/p>\n\n\n\n<p>\u201cEsta decisi\u00f3n refleja la unidad de las personas juzgadoras con el movimiento del personal jurisdiccional y constituye un rechazo contundente y en\u00e9rgico a las acciones recientes realizadas tanto por el Senado de la Rep\u00fablica (&#8230;) como por el Consejo de la Judicatura Federal al no emitir reglas que den certeza a los derechos de los titulares del poder judicial de la Federaci\u00f3n\u201d, detall\u00f3 el circular.<\/p>\n\n\n\n<p>En ese momento, se determin\u00f3 que las actividades ser\u00edan reanudadas hasta que realicen mesas de di\u00e1logo con el Consejo y se resuelvan sus peticiones de manera definitiva.<\/p>\n\n\n\n<p>Sin embargo, ante la decisi\u00f3n del Consejo de la Judicatura Federal (CJF), se espera que los trabajadores realicen protestas fuera de las instalaciones para exigir que las actividades sigan suspendidas como muestra de su descontento ante la aprobaci\u00f3n de la reforma judicial, que entre otras cosas, establece la elecci\u00f3n de jueces, magistrados y ministros por voto popular.<\/p>\n\n\n\n<p>(Informaci\u00f3n de Infobae M\u00e9xico)<\/p>\n","protected":false},"excerpt":{"rendered":"<p>Redacci\u00f3n\/Zona Roja Cdmx. Ciudad de M\u00e9xico, a 24 de octubre de 2024.- El Consejo de&hellip;<\/p>\n","protected":false},"author":2,"featured_media":73757,"comment_status":"closed","ping_status":"open","sticky":false,"template":"","format":"standard","meta":{"_lmt_disableupdate":"","_lmt_disable":"","_jetpack_memberships_contains_paid_content":false,"footnotes":""},"categories":[109,47],"tags":[4033],"class_list":["post-73756","post","type-post","status-publish","format-standard","has-post-thumbnail","hentry","category-minuto-a-minuto","category-zona-gris","tag-paro-poder-judicial-de-la-federacion"],"jetpack_featured_media_url":"https:\/\/zonaroja.com.mx\/wp-content\/uploads\/2024\/10\/Protesta-paro-poder-judicial.jpg","jetpack_sharing_enabled":true,"_links":{"self":[{"href":"https:\/\/zonaroja.com.mx\/index.php?rest_route=\/wp\/v2\/posts\/73756","targetHints":{"allow":["GET"]}}],"collection":[{"href":"https:\/\/zonaroja.com.mx\/index.php?rest_route=\/wp\/v2\/posts"}],"about":[{"href":"https:\/\/zonaroja.com.mx\/index.php?rest_route=\/wp\/v2\/types\/post"}],"author":[{"embeddable":true,"href":"https:\/\/zonaroja.com.mx\/index.php?rest_route=\/wp\/v2\/users\/2"}],"replies":[{"embeddable":true,"href":"https:\/\/zonaroja.com.mx\/index.php?rest_route=%2Fwp%2Fv2%2Fcomments&post=73756"}],"version-history":[{"count":1,"href":"https:\/\/zonaroja.com.mx\/index.php?rest_route=\/wp\/v2\/posts\/73756\/revisions"}],"predecessor-version":[{"id":73758,"href":"https:\/\/zonaroja.com.mx\/index.php?rest_route=\/wp\/v2\/posts\/73756\/revisions\/73758"}],"wp:featuredmedia":[{"embeddable":true,"href":"https:\/\/zonaroja.com.mx\/index.php?rest_route=\/wp\/v2\/media\/73757"}],"wp:attachment":[{"href":"https:\/\/zonaroja.com.mx\/index.php?rest_route=%2Fwp%2Fv2%2Fmedia&parent=73756"}],"wp:term":[{"taxonomy":"category","embeddable":true,"href":"https:\/\/zonaroja.com.mx\/index.php?rest_route=%2Fwp%2Fv2%2Fcategories&post=73756"},{"taxonomy":"post_tag","embeddable":true,"href":"https:\/\/zonaroja.com.mx\/index.php?rest_route=%2Fwp%2Fv2%2Ftags&post=73756"}],"curies":[{"name":"wp","href":"https:\/\/api.w.org\/{rel}","templated":true}]}}