{"id":73761,"date":"2024-10-24T09:30:00","date_gmt":"2024-10-24T15:30:00","guid":{"rendered":"https:\/\/zonaroja.com.mx\/?p=73761"},"modified":"2024-10-24T08:23:30","modified_gmt":"2024-10-24T14:23:30","slug":"va-por-cuarto-dia-bloqueo-carretero-en-la-region-del-istmo","status":"publish","type":"post","link":"https:\/\/zonaroja.com.mx\/?p=73761","title":{"rendered":"Va por cuarto d\u00eda bloqueo carretero en la regi\u00f3n del Istmo"},"content":{"rendered":"\n<p>Raymundo Morales\/Zona Roja.<\/p>\n\n\n\n<p>Oaxaca de Ju\u00e1rez, Oax., a 24 de octubre de 2024.- Por un problema educativo, el bloqueo carretero en la regi\u00f3n del Istmo de Tehuantepec va por su cuarto d\u00eda.<\/p>\n\n\n\n<p>Padres de familia y estudiantes contin\u00faan esta ma\u00f1ana en cierre de la v\u00eda federal 190 cruce con la supercarretera Salina Cruz-La Ventosa, en el llamado puente caracol.<\/p>\n\n\n\n<p>Son de la escuela primaria \u201cIndependencia\u201d de Santo Domingo Tehuantepec, que exigen se esclarezca el destino de dos millones de pesos, que debieron aplicarse en obras para el plantel.<\/p>\n\n\n\n<p>La responsabilidad es del Instituto Oaxaque\u00f1o Constructor de Infraestructura Educativa (IOCIED), pero su titular, Alejandro L\u00f3pez Jarqu\u00edn, no ha respondido a las demandas.<\/p>\n\n\n\n<p>Lo cual ha complicado de manera severa el tr\u00e1nsito de veh\u00edculos de carga y pasaje, as\u00ed como particulares, en la zona; apenas esta ma\u00f1ana se report\u00f3 que un autob\u00fas de la l\u00ednea ADO abandon\u00f3 a los pasajeros en Jalapa del Marqu\u00e9s, ante la imposibilidad de pasar.<\/p>\n\n\n\n<p>De acuerdo con el director de la escuela, Durim Vicente Andr\u00e9s, habr\u00edan desviado los dos millones de pesos para la obra educativa, que les fue prometida desde junio del a\u00f1o pasado, durante una visita del gobernador Salom\u00f3n Jara Cruz a Tehuantepec.<\/p>\n\n\n\n<p>Se\u00f1al\u00f3 que con anterioridad se advirti\u00f3 a la presidenta municipal Vilma Mart\u00ednez Cort\u00e9s, de Morena, para que atendiera la problem\u00e1tica e intercediera ante las autoridades estatales, pero tampoco hizo caso.<\/p>\n\n\n\n<p>Tampoco personal del Instituto Estatal de Educaci\u00f3n P\u00fablica, que encabeza el juchiteco Emilio Montero P\u00e9rez, se ha acercado a ellos para conocer la problem\u00e1tica.<\/p>\n\n\n\n<p>Abund\u00f3 que los alumnos reciben clases desde hace m\u00e1s de un lustro en salones improvisados, lo cual no puede seguir as\u00ed, por lo que continuar\u00e1n sus protestas hasta lograr respuestas favorables.<\/p>\n","protected":false},"excerpt":{"rendered":"<p>Raymundo Morales\/Zona Roja. Oaxaca de Ju\u00e1rez, Oax., a 24 de octubre de 2024.- Por un&hellip;<\/p>\n","protected":false},"author":2,"featured_media":73762,"comment_status":"closed","ping_status":"open","sticky":false,"template":"","format":"standard","meta":{"_lmt_disableupdate":"","_lmt_disable":"","_jetpack_memberships_contains_paid_content":false,"footnotes":""},"categories":[109,47],"tags":[],"class_list":["post-73761","post","type-post","status-publish","format-standard","has-post-thumbnail","hentry","category-minuto-a-minuto","category-zona-gris"],"jetpack_featured_media_url":"https:\/\/zonaroja.com.mx\/wp-content\/uploads\/2024\/10\/Bloqueo-carretero-Istmo-escuela.jpeg","jetpack_sharing_enabled":true,"_links":{"self":[{"href":"https:\/\/zonaroja.com.mx\/index.php?rest_route=\/wp\/v2\/posts\/73761","targetHints":{"allow":["GET"]}}],"collection":[{"href":"https:\/\/zonaroja.com.mx\/index.php?rest_route=\/wp\/v2\/posts"}],"about":[{"href":"https:\/\/zonaroja.com.mx\/index.php?rest_route=\/wp\/v2\/types\/post"}],"author":[{"embeddable":true,"href":"https:\/\/zonaroja.com.mx\/index.php?rest_route=\/wp\/v2\/users\/2"}],"replies":[{"embeddable":true,"href":"https:\/\/zonaroja.com.mx\/index.php?rest_route=%2Fwp%2Fv2%2Fcomments&post=73761"}],"version-history":[{"count":1,"href":"https:\/\/zonaroja.com.mx\/index.php?rest_route=\/wp\/v2\/posts\/73761\/revisions"}],"predecessor-version":[{"id":73763,"href":"https:\/\/zonaroja.com.mx\/index.php?rest_route=\/wp\/v2\/posts\/73761\/revisions\/73763"}],"wp:featuredmedia":[{"embeddable":true,"href":"https:\/\/zonaroja.com.mx\/index.php?rest_route=\/wp\/v2\/media\/73762"}],"wp:attachment":[{"href":"https:\/\/zonaroja.com.mx\/index.php?rest_route=%2Fwp%2Fv2%2Fmedia&parent=73761"}],"wp:term":[{"taxonomy":"category","embeddable":true,"href":"https:\/\/zonaroja.com.mx\/index.php?rest_route=%2Fwp%2Fv2%2Fcategories&post=73761"},{"taxonomy":"post_tag","embeddable":true,"href":"https:\/\/zonaroja.com.mx\/index.php?rest_route=%2Fwp%2Fv2%2Ftags&post=73761"}],"curies":[{"name":"wp","href":"https:\/\/api.w.org\/{rel}","templated":true}]}}